{"id":11453,"date":"2023-01-31T11:35:24","date_gmt":"2023-01-31T10:35:24","guid":{"rendered":"https:\/\/gorzow.news\/?p=11453"},"modified":"2023-01-31T11:35:26","modified_gmt":"2023-01-31T10:35:26","slug":"podcast-miastowy-czy-gorzow-byl-kobyla-gora-posluchajcie-bo-warto","status":"publish","type":"post","link":"https:\/\/gorzow.news\/index.php\/2023\/01\/31\/podcast-miastowy-czy-gorzow-byl-kobyla-gora-posluchajcie-bo-warto\/","title":{"rendered":"Podcast Miastowy: Czy Gorz\u00f3w by\u0142 Kobyl\u0105 G\u00f3r\u0105? Pos\u0142uchajcie, bo warto!"},"content":{"rendered":"\n<p><strong>&#8211; Czy Gorz\u00f3w Wielkopolski by\u0142 Kobyl\u0105 G\u00f3r\u0105? To ju\u017c trzeci materia\u0142 z cyklu \u201ewok\u00f3\u0142 dworca\u201d. Dzi\u015b odwiedzamy Gorz\u00f3w Wielkopolski, w kt\u00f3rym nasz\u0105 uwag\u0119 przykuwa niezwyk\u0142a estakada. Estakada kolejowa nad Wart\u0105 to najd\u0142u\u017cszy zabytek techniki w Polsce &#8211; budowla, kt\u00f3ra sprawia, \u017ce panorama Gorzowa prezentuje si\u0119 jak \u017cadna inna. Miasto wiele zawdzi\u0119cza kolejarzom. Istniej\u0105 nawet przypuszczenia, \u017ce dzi\u0119ki kolejarzom unikn\u0119\u0142o najwi\u0119kszego blama\u017cu w dziejach. Wyobra\u017acie sobie, \u017ce w roku 1945 dawny Landsberg nad Wart\u0105 mia\u0142 zosta\u0107 nazwany\u2026 Kobyl\u0105 G\u00f3r\u0105. Szcz\u0119\u015bliwie jednak rozs\u0105dek wzi\u0105\u0142 g\u00f3r\u0119, a spolszczaj\u0105c nazw\u0119 miasta, si\u0119gni\u0119to do formy urobionej jeszcze w wieku XVIII &#8211; zapowiadaj\u0105 odcinek po\u015bwi\u0119cony naszemu miastu autorzy Podcastu Miastowego.<\/strong><\/p>\n\n\n\n<p>Na stronie Podcastu Miastowego czytamy te\u017c:<\/p>\n\n\n\n<p>W Gorzowie Wielkopolskim opowiada si\u0119, \u017ce miasto zwano niegdy\u015b Kobyl\u0105 G\u00f3r\u0105. Pewne jest \u2013 jak utrzymuj\u0105 ci, kt\u00f3rzy rozprzestrzeniaj\u0105 te pog\u0142oski \u2013 \u017ce tak\u0105 nazw\u0119 nosi\u0142 Gorz\u00f3w zaraz po wojnie. Niekt\u00f3rzy dodaj\u0105 te\u017c, \u017ce w wieku XIII \u2013 zanim miasto powsta\u0142o \u2013 w s\u0105siedztwie zak\u0142adanego o\u015brodka w najlepsze funkcjonowa\u0142a polska osada z koby\u0142\u0105 w nazwie. Na pierwszy rzut oka s\u0105 nawet dowody, kt\u00f3re mog\u0142yby wesprze\u0107 t\u0119 hipotez\u0119. Przecie\u017c jest w mie\u015bcie ulica Kobylog\u00f3rska, a ta przecie\u017c znik\u0105d si\u0119 nie wzi\u0119\u0142a\u2026<\/p>\n\n\n\n<p>Prawda, jak to cz\u0119sto bywa, jest mniej romantyczna, ale te\u017c bardziej z\u0142o\u017cona. Nie ulega jednak w\u0105tpliwo\u015bci, \u017ce byli ludzie, kt\u00f3rym na kobyle zale\u017ca\u0142o i do\u0142o\u017cyli te\u017c wszelkich stara\u0144, by zaci\u0105gn\u0105\u0107 j\u0105 w honorowe miejsce. Tropy w tej sprawie prowadz\u0105 w okolice dworca i estakady. Estakady kolejowej, kt\u00f3r\u0105 nazwa\u0107 by mno\u017cna \u017cu\u017clow\u0105 \u2013 bo nie do\u015b\u0107, \u017ce pobudowano j\u0105 w mie\u015bcie speedwaya, to sw\u00f3j udzia\u0142 w inwestycji mieli in\u017cynierowie z Zielonej G\u00f3ry i urz\u0119dnicy z Bydgoszczy.<\/p>\n\n\n\n<p>***<\/p>\n\n\n\n<p>Landsberg (bo tak nazywano Gorz\u00f3w przed rokiem 1945) nie jest jedynym \u201ebergiem\u201d, kt\u00f3ry po wojnie spotka\u0142y skomplikowane koleje spolszczania. W Lubuskiem le\u017cy te\u017c miasto zwane dawniej Sternbergiem. Da\u0142oby si\u0119 je \u0142adnie przet\u0142umaczy\u0107, ale jakim\u015b dziwnym trafem Sternberg sta\u0142 si\u0119\u2026 Toruniem Lubuskim. Nie na d\u0142ugo zreszt\u0105, bo dzi\u015b to Torzym. Chcia\u0142oby si\u0119 powiedzie\u0107 \u2013 gdzie Rzym, a gdzie Toru\u0144\u2026 No i co z t\u0105 gwiazd\u0105?!<\/p>\n\n\n\n<figure class=\"wp-block-image size-large\"><img loading=\"lazy\" decoding=\"async\" width=\"1024\" height=\"1024\" src=\"https:\/\/gorzow.news\/wp-content\/uploads\/2023\/01\/podcast_miastowy-1024x1024.jpg\" alt=\"\" class=\"wp-image-11454\" srcset=\"https:\/\/gorzow.news\/wp-content\/uploads\/2023\/01\/podcast_miastowy.jpg 1024w, https:\/\/gorzow.news\/wp-content\/uploads\/2023\/01\/podcast_miastowy-300x300.jpg 300w, https:\/\/gorzow.news\/wp-content\/uploads\/2023\/01\/podcast_miastowy-150x150.jpg 150w, https:\/\/gorzow.news\/wp-content\/uploads\/2023\/01\/podcast_miastowy-768x768.jpg 768w, https:\/\/gorzow.news\/wp-content\/uploads\/2023\/01\/podcast_miastowy-696x696.jpg 696w\" sizes=\"auto, (max-width: 1024px) 100vw, 1024px\" \/><\/figure>\n","protected":false},"excerpt":{"rendered":"<p>&#8211; Czy Gorz\u00f3w Wielkopolski by\u0142 Kobyl\u0105 G\u00f3r\u0105? To ju\u017c trzeci materia\u0142 z cyklu \u201ewok\u00f3\u0142 dworca\u201d. Dzi\u015b odwiedzamy Gorz\u00f3w Wielkopolski, w kt\u00f3rym nasz\u0105 uwag\u0119 przykuwa niezwyk\u0142a estakada. Estakada kolejowa nad Wart\u0105 to najd\u0142u\u017cszy zabytek techniki w Polsce &#8211; budowla, kt\u00f3ra sprawia, \u017ce panorama Gorzowa prezentuje si\u0119 jak \u017cadna inna. Miasto wiele zawdzi\u0119cza kolejarzom. Istniej\u0105 nawet przypuszczenia, \u017ce dzi\u0119ki kolejarzom unikn\u0119\u0142o najwi\u0119kszego blama\u017cu w dziejach. Wyobra\u017acie sobie, \u017ce w roku 1945 dawny Landsberg nad Wart\u0105 mia\u0142 zosta\u0107 nazwany\u2026 Kobyl\u0105 G\u00f3r\u0105. Szcz\u0119\u015bliwie jednak rozs\u0105dek wzi\u0105\u0142 g\u00f3r\u0119, a spolszczaj\u0105c nazw\u0119 miasta, si\u0119gni\u0119to do formy urobionej jeszcze w wieku XVIII &#8211; zapowiadaj\u0105 odcinek po\u015bwi\u0119cony naszemu miastu autorzy Podcastu Miastowego.<\/p>\n","protected":false},"author":1,"featured_media":11455,"comment_status":"open","ping_status":"open","sticky":false,"template":"","format":"video","meta":{"footnotes":"","_links_to":"","_links_to_target":""},"categories":[74,589],"tags":[1996,56,1995],"class_list":{"0":"post-11453","1":"post","2":"type-post","3":"status-publish","4":"format-video","5":"has-post-thumbnail","7":"category-warto-wiedziec","8":"category-wiadomosci","9":"tag-kobyla-gora","10":"tag-landsberg","11":"tag-podcast-miastowy","12":"post_format-post-format-video"},"yoast_head":"<!-- This site is optimized with the Yoast SEO plugin v27.3 - https:\/\/yoast.com\/product\/yoast-seo-wordpress\/ -->\n<title>Podcast Miastowy: Czy Gorz\u00f3w by\u0142 Kobyl\u0105 G\u00f3r\u0105? Pos\u0142uchajcie, bo warto! - Gorz\u00f3w News<\/title>\n<meta name=\"description\" content=\"- Czy Gorz\u00f3w Wielkopolski by\u0142 Kobyl\u0105 G\u00f3r\u0105? To ju\u017c trzeci materia\u0142 z cyklu \u201ewok\u00f3\u0142 dworca\u201d. Dzi\u015b odwiedzamy Gorz\u00f3w Wielkopolski, w kt\u00f3ry\" \/>\n<meta name=\"robots\" content=\"index, follow, max-snippet:-1, max-image-preview:large, max-video-preview:-1\" \/>\n<link rel=\"canonical\" href=\"https:\/\/gorzow.news\/index.php\/2023\/01\/31\/podcast-miastowy-czy-gorzow-byl-kobyla-gora-posluchajcie-bo-warto\/\" \/>\n<meta property=\"og:locale\" content=\"pl_PL\" \/>\n<meta property=\"og:type\" content=\"article\" \/>\n<meta property=\"og:title\" content=\"Podcast Miastowy: Czy Gorz\u00f3w by\u0142 Kobyl\u0105 G\u00f3r\u0105? Pos\u0142uchajcie, bo warto! - Gorz\u00f3w News\" \/>\n<meta property=\"og:description\" content=\"- Czy Gorz\u00f3w Wielkopolski by\u0142 Kobyl\u0105 G\u00f3r\u0105? To ju\u017c trzeci materia\u0142 z cyklu \u201ewok\u00f3\u0142 dworca\u201d. Dzi\u015b odwiedzamy Gorz\u00f3w Wielkopolski, w kt\u00f3ry\" \/>\n<meta property=\"og:url\" content=\"https:\/\/gorzow.news\/index.php\/2023\/01\/31\/podcast-miastowy-czy-gorzow-byl-kobyla-gora-posluchajcie-bo-warto\/\" \/>\n<meta property=\"og:site_name\" content=\"Gorz\u00f3w News\" \/>\n<meta property=\"article:publisher\" content=\"https:\/\/www.facebook.com\/gorzowskinews\" \/>\n<meta property=\"article:published_time\" content=\"2023-01-31T10:35:24+00:00\" \/>\n<meta property=\"article:modified_time\" content=\"2023-01-31T10:35:26+00:00\" \/>\n<meta property=\"og:image\" content=\"https:\/\/gorzow.news\/wp-content\/uploads\/2023\/01\/maxresdefault.jpg\" \/>\n\t<meta property=\"og:image:width\" content=\"1280\" \/>\n\t<meta property=\"og:image:height\" content=\"720\" \/>\n\t<meta property=\"og:image:type\" content=\"image\/jpeg\" \/>\n<meta name=\"author\" content=\"maciej\" \/>\n<meta name=\"twitter:card\" content=\"summary_large_image\" \/>\n<meta name=\"twitter:label1\" content=\"Napisane przez\" \/>\n\t<meta name=\"twitter:data1\" content=\"maciej\" \/>\n\t<meta name=\"twitter:label2\" content=\"Szacowany czas czytania\" \/>\n\t<meta name=\"twitter:data2\" content=\"3 minuty\" \/>\n<script type=\"application\/ld+json\" class=\"yoast-schema-graph\">{\"@context\":\"https:\\\/\\\/schema.org\",\"@graph\":[{\"@type\":\"Article\",\"@id\":\"https:\\\/\\\/gorzow.news\\\/index.php\\\/2023\\\/01\\\/31\\\/podcast-miastowy-czy-gorzow-byl-kobyla-gora-posluchajcie-bo-warto\\\/#article\",\"isPartOf\":{\"@id\":\"https:\\\/\\\/gorzow.news\\\/index.php\\\/2023\\\/01\\\/31\\\/podcast-miastowy-czy-gorzow-byl-kobyla-gora-posluchajcie-bo-warto\\\/\"},\"author\":{\"name\":\"maciej\",\"@id\":\"https:\\\/\\\/gorzow.news\\\/#\\\/schema\\\/person\\\/a1e5ab43166369f2ce236a1cd90995bb\"},\"headline\":\"Podcast Miastowy: Czy Gorz\u00f3w by\u0142 Kobyl\u0105 G\u00f3r\u0105? Pos\u0142uchajcie, bo warto!\",\"datePublished\":\"2023-01-31T10:35:24+00:00\",\"dateModified\":\"2023-01-31T10:35:26+00:00\",\"mainEntityOfPage\":{\"@id\":\"https:\\\/\\\/gorzow.news\\\/index.php\\\/2023\\\/01\\\/31\\\/podcast-miastowy-czy-gorzow-byl-kobyla-gora-posluchajcie-bo-warto\\\/\"},\"wordCount\":400,\"commentCount\":0,\"image\":{\"@id\":\"https:\\\/\\\/gorzow.news\\\/index.php\\\/2023\\\/01\\\/31\\\/podcast-miastowy-czy-gorzow-byl-kobyla-gora-posluchajcie-bo-warto\\\/#primaryimage\"},\"thumbnailUrl\":\"https:\\\/\\\/gorzow.news\\\/wp-content\\\/uploads\\\/2023\\\/01\\\/maxresdefault.jpg\",\"keywords\":[\"Kobyla G\u00f3ra\",\"Landsberg\",\"Podcast Miastowy\"],\"articleSection\":[\"Warto wiedzie\u0107\",\"Wiadomo\u015bci\"],\"inLanguage\":\"pl-PL\",\"potentialAction\":[{\"@type\":\"CommentAction\",\"name\":\"Comment\",\"target\":[\"https:\\\/\\\/gorzow.news\\\/index.php\\\/2023\\\/01\\\/31\\\/podcast-miastowy-czy-gorzow-byl-kobyla-gora-posluchajcie-bo-warto\\\/#respond\"]}]},{\"@type\":\"WebPage\",\"@id\":\"https:\\\/\\\/gorzow.news\\\/index.php\\\/2023\\\/01\\\/31\\\/podcast-miastowy-czy-gorzow-byl-kobyla-gora-posluchajcie-bo-warto\\\/\",\"url\":\"https:\\\/\\\/gorzow.news\\\/index.php\\\/2023\\\/01\\\/31\\\/podcast-miastowy-czy-gorzow-byl-kobyla-gora-posluchajcie-bo-warto\\\/\",\"name\":\"Podcast Miastowy: Czy Gorz\u00f3w by\u0142 Kobyl\u0105 G\u00f3r\u0105? Pos\u0142uchajcie, bo warto! - Gorz\u00f3w News\",\"isPartOf\":{\"@id\":\"https:\\\/\\\/gorzow.news\\\/#website\"},\"primaryImageOfPage\":{\"@id\":\"https:\\\/\\\/gorzow.news\\\/index.php\\\/2023\\\/01\\\/31\\\/podcast-miastowy-czy-gorzow-byl-kobyla-gora-posluchajcie-bo-warto\\\/#primaryimage\"},\"image\":{\"@id\":\"https:\\\/\\\/gorzow.news\\\/index.php\\\/2023\\\/01\\\/31\\\/podcast-miastowy-czy-gorzow-byl-kobyla-gora-posluchajcie-bo-warto\\\/#primaryimage\"},\"thumbnailUrl\":\"https:\\\/\\\/gorzow.news\\\/wp-content\\\/uploads\\\/2023\\\/01\\\/maxresdefault.jpg\",\"datePublished\":\"2023-01-31T10:35:24+00:00\",\"dateModified\":\"2023-01-31T10:35:26+00:00\",\"author\":{\"@id\":\"https:\\\/\\\/gorzow.news\\\/#\\\/schema\\\/person\\\/a1e5ab43166369f2ce236a1cd90995bb\"},\"description\":\"- Czy Gorz\u00f3w Wielkopolski by\u0142 Kobyl\u0105 G\u00f3r\u0105? To ju\u017c trzeci materia\u0142 z cyklu \u201ewok\u00f3\u0142 dworca\u201d. Dzi\u015b odwiedzamy Gorz\u00f3w Wielkopolski, w kt\u00f3rym nasz\u0105 uwag\u0119 przykuwa niezwyk\u0142a estakada. Estakada kolejowa nad Wart\u0105 to najd\u0142u\u017cszy zabytek techniki w Polsce - budowla, kt\u00f3ra sprawia, \u017ce panorama Gorzowa prezentuje si\u0119 jak \u017cadna inna. Miasto wiele zawdzi\u0119cza kolejarzom. Istniej\u0105 nawet przypuszczenia, \u017ce dzi\u0119ki kolejarzom unikn\u0119\u0142o najwi\u0119kszego blama\u017cu w dziejach. Wyobra\u017acie sobie, \u017ce w roku 1945 dawny Landsberg nad Wart\u0105 mia\u0142 zosta\u0107 nazwany\u2026 Kobyl\u0105 G\u00f3r\u0105. Szcz\u0119\u015bliwie jednak rozs\u0105dek wzi\u0105\u0142 g\u00f3r\u0119, a spolszczaj\u0105c nazw\u0119 miasta, si\u0119gni\u0119to do formy urobionej jeszcze w wieku XVIII - zapowiadaj\u0105 odcinek po\u015bwi\u0119cony naszemu miastu autorzy Podcastu Miastowego.\",\"breadcrumb\":{\"@id\":\"https:\\\/\\\/gorzow.news\\\/index.php\\\/2023\\\/01\\\/31\\\/podcast-miastowy-czy-gorzow-byl-kobyla-gora-posluchajcie-bo-warto\\\/#breadcrumb\"},\"inLanguage\":\"pl-PL\",\"potentialAction\":[{\"@type\":\"ReadAction\",\"target\":[\"https:\\\/\\\/gorzow.news\\\/index.php\\\/2023\\\/01\\\/31\\\/podcast-miastowy-czy-gorzow-byl-kobyla-gora-posluchajcie-bo-warto\\\/\"]}]},{\"@type\":\"ImageObject\",\"inLanguage\":\"pl-PL\",\"@id\":\"https:\\\/\\\/gorzow.news\\\/index.php\\\/2023\\\/01\\\/31\\\/podcast-miastowy-czy-gorzow-byl-kobyla-gora-posluchajcie-bo-warto\\\/#primaryimage\",\"url\":\"https:\\\/\\\/gorzow.news\\\/wp-content\\\/uploads\\\/2023\\\/01\\\/maxresdefault.jpg\",\"contentUrl\":\"https:\\\/\\\/gorzow.news\\\/wp-content\\\/uploads\\\/2023\\\/01\\\/maxresdefault.jpg\",\"width\":1280,\"height\":720},{\"@type\":\"BreadcrumbList\",\"@id\":\"https:\\\/\\\/gorzow.news\\\/index.php\\\/2023\\\/01\\\/31\\\/podcast-miastowy-czy-gorzow-byl-kobyla-gora-posluchajcie-bo-warto\\\/#breadcrumb\",\"itemListElement\":[{\"@type\":\"ListItem\",\"position\":1,\"name\":\"Home\",\"item\":\"https:\\\/\\\/gorzow.news\\\/\"},{\"@type\":\"ListItem\",\"position\":2,\"name\":\"Podcast Miastowy: Czy Gorz\u00f3w by\u0142 Kobyl\u0105 G\u00f3r\u0105? Pos\u0142uchajcie, bo warto!\"}]},{\"@type\":\"WebSite\",\"@id\":\"https:\\\/\\\/gorzow.news\\\/#website\",\"url\":\"https:\\\/\\\/gorzow.news\\\/\",\"name\":\"Gorz\u00f3w News\",\"description\":\"Sp\u00f3jrz inaczej na miato i region...\",\"potentialAction\":[{\"@type\":\"SearchAction\",\"target\":{\"@type\":\"EntryPoint\",\"urlTemplate\":\"https:\\\/\\\/gorzow.news\\\/?s={search_term_string}\"},\"query-input\":{\"@type\":\"PropertyValueSpecification\",\"valueRequired\":true,\"valueName\":\"search_term_string\"}}],\"inLanguage\":\"pl-PL\"},{\"@type\":\"Person\",\"@id\":\"https:\\\/\\\/gorzow.news\\\/#\\\/schema\\\/person\\\/a1e5ab43166369f2ce236a1cd90995bb\",\"name\":\"maciej\",\"image\":{\"@type\":\"ImageObject\",\"inLanguage\":\"pl-PL\",\"@id\":\"https:\\\/\\\/secure.gravatar.com\\\/avatar\\\/530a674d56ba60cfa0ef21d74e8e8d123a51bb7aa6580465b5c2ab2c2e980a19?s=96&r=g&d=https:\\\/\\\/gorzow.news\\\/wp-content\\\/plugins\\\/userswp\\\/assets\\\/images\\\/no_profile.png\",\"url\":\"https:\\\/\\\/secure.gravatar.com\\\/avatar\\\/530a674d56ba60cfa0ef21d74e8e8d123a51bb7aa6580465b5c2ab2c2e980a19?s=96&r=g&d=https:\\\/\\\/gorzow.news\\\/wp-content\\\/plugins\\\/userswp\\\/assets\\\/images\\\/no_profile.png\",\"contentUrl\":\"https:\\\/\\\/secure.gravatar.com\\\/avatar\\\/530a674d56ba60cfa0ef21d74e8e8d123a51bb7aa6580465b5c2ab2c2e980a19?s=96&r=g&d=https:\\\/\\\/gorzow.news\\\/wp-content\\\/plugins\\\/userswp\\\/assets\\\/images\\\/no_profile.png\",\"caption\":\"maciej\"},\"url\":\"https:\\\/\\\/gorzow.news\\\/index.php\\\/profile\\\/maciej\\\/\"}]}<\/script>\n<!-- \/ Yoast SEO plugin. -->","yoast_head_json":{"title":"Podcast Miastowy: Czy Gorz\u00f3w by\u0142 Kobyl\u0105 G\u00f3r\u0105? Pos\u0142uchajcie, bo warto! - Gorz\u00f3w News","description":"- Czy Gorz\u00f3w Wielkopolski by\u0142 Kobyl\u0105 G\u00f3r\u0105? To ju\u017c trzeci materia\u0142 z cyklu \u201ewok\u00f3\u0142 dworca\u201d. Dzi\u015b odwiedzamy Gorz\u00f3w Wielkopolski, w kt\u00f3ry","robots":{"index":"index","follow":"follow","max-snippet":"max-snippet:-1","max-image-preview":"max-image-preview:large","max-video-preview":"max-video-preview:-1"},"canonical":"https:\/\/gorzow.news\/index.php\/2023\/01\/31\/podcast-miastowy-czy-gorzow-byl-kobyla-gora-posluchajcie-bo-warto\/","og_locale":"pl_PL","og_type":"article","og_title":"Podcast Miastowy: Czy Gorz\u00f3w by\u0142 Kobyl\u0105 G\u00f3r\u0105? Pos\u0142uchajcie, bo warto! - Gorz\u00f3w News","og_description":"- Czy Gorz\u00f3w Wielkopolski by\u0142 Kobyl\u0105 G\u00f3r\u0105? To ju\u017c trzeci materia\u0142 z cyklu \u201ewok\u00f3\u0142 dworca\u201d. Dzi\u015b odwiedzamy Gorz\u00f3w Wielkopolski, w kt\u00f3ry","og_url":"https:\/\/gorzow.news\/index.php\/2023\/01\/31\/podcast-miastowy-czy-gorzow-byl-kobyla-gora-posluchajcie-bo-warto\/","og_site_name":"Gorz\u00f3w News","article_publisher":"https:\/\/www.facebook.com\/gorzowskinews","article_published_time":"2023-01-31T10:35:24+00:00","article_modified_time":"2023-01-31T10:35:26+00:00","og_image":[{"width":1280,"height":720,"url":"https:\/\/gorzow.news\/wp-content\/uploads\/2023\/01\/maxresdefault.jpg","type":"image\/jpeg"}],"author":"maciej","twitter_card":"summary_large_image","twitter_misc":{"Napisane przez":"maciej","Szacowany czas czytania":"3 minuty"},"schema":{"@context":"https:\/\/schema.org","@graph":[{"@type":"Article","@id":"https:\/\/gorzow.news\/index.php\/2023\/01\/31\/podcast-miastowy-czy-gorzow-byl-kobyla-gora-posluchajcie-bo-warto\/#article","isPartOf":{"@id":"https:\/\/gorzow.news\/index.php\/2023\/01\/31\/podcast-miastowy-czy-gorzow-byl-kobyla-gora-posluchajcie-bo-warto\/"},"author":{"name":"maciej","@id":"https:\/\/gorzow.news\/#\/schema\/person\/a1e5ab43166369f2ce236a1cd90995bb"},"headline":"Podcast Miastowy: Czy Gorz\u00f3w by\u0142 Kobyl\u0105 G\u00f3r\u0105? Pos\u0142uchajcie, bo warto!","datePublished":"2023-01-31T10:35:24+00:00","dateModified":"2023-01-31T10:35:26+00:00","mainEntityOfPage":{"@id":"https:\/\/gorzow.news\/index.php\/2023\/01\/31\/podcast-miastowy-czy-gorzow-byl-kobyla-gora-posluchajcie-bo-warto\/"},"wordCount":400,"commentCount":0,"image":{"@id":"https:\/\/gorzow.news\/index.php\/2023\/01\/31\/podcast-miastowy-czy-gorzow-byl-kobyla-gora-posluchajcie-bo-warto\/#primaryimage"},"thumbnailUrl":"https:\/\/gorzow.news\/wp-content\/uploads\/2023\/01\/maxresdefault.jpg","keywords":["Kobyla G\u00f3ra","Landsberg","Podcast Miastowy"],"articleSection":["Warto wiedzie\u0107","Wiadomo\u015bci"],"inLanguage":"pl-PL","potentialAction":[{"@type":"CommentAction","name":"Comment","target":["https:\/\/gorzow.news\/index.php\/2023\/01\/31\/podcast-miastowy-czy-gorzow-byl-kobyla-gora-posluchajcie-bo-warto\/#respond"]}]},{"@type":"WebPage","@id":"https:\/\/gorzow.news\/index.php\/2023\/01\/31\/podcast-miastowy-czy-gorzow-byl-kobyla-gora-posluchajcie-bo-warto\/","url":"https:\/\/gorzow.news\/index.php\/2023\/01\/31\/podcast-miastowy-czy-gorzow-byl-kobyla-gora-posluchajcie-bo-warto\/","name":"Podcast Miastowy: Czy Gorz\u00f3w by\u0142 Kobyl\u0105 G\u00f3r\u0105? Pos\u0142uchajcie, bo warto! - Gorz\u00f3w News","isPartOf":{"@id":"https:\/\/gorzow.news\/#website"},"primaryImageOfPage":{"@id":"https:\/\/gorzow.news\/index.php\/2023\/01\/31\/podcast-miastowy-czy-gorzow-byl-kobyla-gora-posluchajcie-bo-warto\/#primaryimage"},"image":{"@id":"https:\/\/gorzow.news\/index.php\/2023\/01\/31\/podcast-miastowy-czy-gorzow-byl-kobyla-gora-posluchajcie-bo-warto\/#primaryimage"},"thumbnailUrl":"https:\/\/gorzow.news\/wp-content\/uploads\/2023\/01\/maxresdefault.jpg","datePublished":"2023-01-31T10:35:24+00:00","dateModified":"2023-01-31T10:35:26+00:00","author":{"@id":"https:\/\/gorzow.news\/#\/schema\/person\/a1e5ab43166369f2ce236a1cd90995bb"},"description":"- Czy Gorz\u00f3w Wielkopolski by\u0142 Kobyl\u0105 G\u00f3r\u0105? To ju\u017c trzeci materia\u0142 z cyklu \u201ewok\u00f3\u0142 dworca\u201d. Dzi\u015b odwiedzamy Gorz\u00f3w Wielkopolski, w kt\u00f3rym nasz\u0105 uwag\u0119 przykuwa niezwyk\u0142a estakada. Estakada kolejowa nad Wart\u0105 to najd\u0142u\u017cszy zabytek techniki w Polsce - budowla, kt\u00f3ra sprawia, \u017ce panorama Gorzowa prezentuje si\u0119 jak \u017cadna inna. Miasto wiele zawdzi\u0119cza kolejarzom. Istniej\u0105 nawet przypuszczenia, \u017ce dzi\u0119ki kolejarzom unikn\u0119\u0142o najwi\u0119kszego blama\u017cu w dziejach. Wyobra\u017acie sobie, \u017ce w roku 1945 dawny Landsberg nad Wart\u0105 mia\u0142 zosta\u0107 nazwany\u2026 Kobyl\u0105 G\u00f3r\u0105. Szcz\u0119\u015bliwie jednak rozs\u0105dek wzi\u0105\u0142 g\u00f3r\u0119, a spolszczaj\u0105c nazw\u0119 miasta, si\u0119gni\u0119to do formy urobionej jeszcze w wieku XVIII - zapowiadaj\u0105 odcinek po\u015bwi\u0119cony naszemu miastu autorzy Podcastu Miastowego.","breadcrumb":{"@id":"https:\/\/gorzow.news\/index.php\/2023\/01\/31\/podcast-miastowy-czy-gorzow-byl-kobyla-gora-posluchajcie-bo-warto\/#breadcrumb"},"inLanguage":"pl-PL","potentialAction":[{"@type":"ReadAction","target":["https:\/\/gorzow.news\/index.php\/2023\/01\/31\/podcast-miastowy-czy-gorzow-byl-kobyla-gora-posluchajcie-bo-warto\/"]}]},{"@type":"ImageObject","inLanguage":"pl-PL","@id":"https:\/\/gorzow.news\/index.php\/2023\/01\/31\/podcast-miastowy-czy-gorzow-byl-kobyla-gora-posluchajcie-bo-warto\/#primaryimage","url":"https:\/\/gorzow.news\/wp-content\/uploads\/2023\/01\/maxresdefault.jpg","contentUrl":"https:\/\/gorzow.news\/wp-content\/uploads\/2023\/01\/maxresdefault.jpg","width":1280,"height":720},{"@type":"BreadcrumbList","@id":"https:\/\/gorzow.news\/index.php\/2023\/01\/31\/podcast-miastowy-czy-gorzow-byl-kobyla-gora-posluchajcie-bo-warto\/#breadcrumb","itemListElement":[{"@type":"ListItem","position":1,"name":"Home","item":"https:\/\/gorzow.news\/"},{"@type":"ListItem","position":2,"name":"Podcast Miastowy: Czy Gorz\u00f3w by\u0142 Kobyl\u0105 G\u00f3r\u0105? Pos\u0142uchajcie, bo warto!"}]},{"@type":"WebSite","@id":"https:\/\/gorzow.news\/#website","url":"https:\/\/gorzow.news\/","name":"Gorz\u00f3w News","description":"Sp\u00f3jrz inaczej na miato i region...","potentialAction":[{"@type":"SearchAction","target":{"@type":"EntryPoint","urlTemplate":"https:\/\/gorzow.news\/?s={search_term_string}"},"query-input":{"@type":"PropertyValueSpecification","valueRequired":true,"valueName":"search_term_string"}}],"inLanguage":"pl-PL"},{"@type":"Person","@id":"https:\/\/gorzow.news\/#\/schema\/person\/a1e5ab43166369f2ce236a1cd90995bb","name":"maciej","image":{"@type":"ImageObject","inLanguage":"pl-PL","@id":"https:\/\/secure.gravatar.com\/avatar\/530a674d56ba60cfa0ef21d74e8e8d123a51bb7aa6580465b5c2ab2c2e980a19?s=96&r=g&d=https:\/\/gorzow.news\/wp-content\/plugins\/userswp\/assets\/images\/no_profile.png","url":"https:\/\/secure.gravatar.com\/avatar\/530a674d56ba60cfa0ef21d74e8e8d123a51bb7aa6580465b5c2ab2c2e980a19?s=96&r=g&d=https:\/\/gorzow.news\/wp-content\/plugins\/userswp\/assets\/images\/no_profile.png","contentUrl":"https:\/\/secure.gravatar.com\/avatar\/530a674d56ba60cfa0ef21d74e8e8d123a51bb7aa6580465b5c2ab2c2e980a19?s=96&r=g&d=https:\/\/gorzow.news\/wp-content\/plugins\/userswp\/assets\/images\/no_profile.png","caption":"maciej"},"url":"https:\/\/gorzow.news\/index.php\/profile\/maciej\/"}]}},"_links":{"self":[{"href":"https:\/\/gorzow.news\/index.php\/wp-json\/wp\/v2\/posts\/11453","targetHints":{"allow":["GET"]}}],"collection":[{"href":"https:\/\/gorzow.news\/index.php\/wp-json\/wp\/v2\/posts"}],"about":[{"href":"https:\/\/gorzow.news\/index.php\/wp-json\/wp\/v2\/types\/post"}],"author":[{"embeddable":true,"href":"https:\/\/gorzow.news\/index.php\/wp-json\/wp\/v2\/users\/1"}],"replies":[{"embeddable":true,"href":"https:\/\/gorzow.news\/index.php\/wp-json\/wp\/v2\/comments?post=11453"}],"version-history":[{"count":0,"href":"https:\/\/gorzow.news\/index.php\/wp-json\/wp\/v2\/posts\/11453\/revisions"}],"wp:featuredmedia":[{"embeddable":true,"href":"https:\/\/gorzow.news\/index.php\/wp-json\/wp\/v2\/media\/11455"}],"wp:attachment":[{"href":"https:\/\/gorzow.news\/index.php\/wp-json\/wp\/v2\/media?parent=11453"}],"wp:term":[{"taxonomy":"category","embeddable":true,"href":"https:\/\/gorzow.news\/index.php\/wp-json\/wp\/v2\/categories?post=11453"},{"taxonomy":"post_tag","embeddable":true,"href":"https:\/\/gorzow.news\/index.php\/wp-json\/wp\/v2\/tags?post=11453"}],"curies":[{"name":"wp","href":"https:\/\/api.w.org\/{rel}","templated":true}]}}