{"id":11267,"date":"2023-01-18T10:05:09","date_gmt":"2023-01-18T09:05:09","guid":{"rendered":"https:\/\/gorzow.news\/?p=11267"},"modified":"2023-03-04T13:55:53","modified_gmt":"2023-03-04T12:55:53","slug":"osiedle-europejskie-budnex-ukonczyl-ostatni-trzeci-budynek-uslugowy-zdjecia-wykaz-wszystkich-najemcow","status":"publish","type":"post","link":"https:\/\/gorzow.news\/index.php\/2023\/01\/18\/osiedle-europejskie-budnex-ukonczyl-ostatni-trzeci-budynek-uslugowy-zdjecia-wykaz-wszystkich-najemcow\/","title":{"rendered":"Osiedle Europejskie: Budnex uko\u0144czy\u0142 ostatni, trzeci budynek us\u0142ugowy (zdj\u0119cia, wykaz wszystkich najemc\u00f3w w trzech pawilonach)"},"content":{"rendered":"\n<p><strong>Gorzowski deweloper &#8211; firma Budnex rozpoczynaj\u0105c budow\u0119 pierwszych blok\u00f3w nowego osiedla Europejskiego od razu zaplanowa\u0142 przy ul. Brukselskiej i Londy\u0144skiej trzy budynki handlowo-us\u0142ugowe. Pierwszy z nich powsta\u0142 wiele lat temu. Mie\u015bci si\u0119 w nim Biedronka. Budowa drugiego ruszy\u0142a w 2021 roku i zako\u0144czy\u0142a si\u0119 wiosn\u0105 ubieg\u0142ego roku. Trzeci, najmniejszy zosta\u0142 wybudowany w ubieg\u0142ym roku. Obecnie najemcy szykuj\u0105 si\u0119 do otwarcia tutaj swoich punkt\u00f3w.<\/strong><\/p>\n\n\n\n<p><strong>Kompleks trzech budynk\u00f3w handlowo-us\u0142ugowych tworz\u0105:<\/strong><\/p>\n\n\n\n<p><strong>Budynek przy ul. Londy\u0144skiej 4<\/strong><\/p>\n\n\n\n<p>Mie\u015bci si\u0119 w nim dyskont Biedronka, piekarnia Bagietka, sklep mi\u0119sny Zygu\u0142a, pierogarnia Bartolini, sklep odzie\u017cowy Coccodrillo z obuwiem marki Klex i pizzeria Stich (otwarcie wkr\u00f3tce).<\/p>\n\n\n\n<p><strong>Budynek przy ul. Londy\u0144skiej 6<\/strong><\/p>\n\n\n\n<p>Jego budowa rozpocz\u0119\u0142a si\u0119 w lipcu 2021 roku. Pierwszy sklep zosta\u0142 tutaj otwarty w kwietniu nast\u0119pnego roku. Powierzchnia u\u017cytkowa budynku w kszta\u0142cie tr\u00f3jk\u0105ta wynosi 1.466 mkw. Przed pawilonem zosta\u0142 wybudowany parking, kt\u00f3ry pomie\u015bci 60 aut. Powierzchnia w ca\u0142o\u015bci zosta\u0142a wynaj\u0119ta. Mieszcz\u0105 si\u0119 tutaj TEDi, piekarnia &#8211; cukiernia Jacek R\u00f3\u017cycki z kawiarni\u0105, supermarket Stokrotka i w podziemiu ecomyjnia Julian.<\/p>\n\n\n\n<p><strong>Budynek przy ul. Brukselskiej 6<\/strong><\/p>\n\n\n\n<p>Budowa ostatniego i zarazem najmniejszego budynku trwa\u0142a zaledwie kilka miesi\u0119cy ko\u0144cz\u0105cego si\u0119 2022 roku. Obecnie trwa wyka\u0144czanie dw\u00f3ch mieszcz\u0105cych si\u0119 tutaj lokali przez najemc\u00f3w. W budynku znajdzie si\u0119 Totalizator Sportowy i market alkoholowy Du\u017cy Ben. Otwarcie obu punkt\u00f3w powinno nast\u0105pi\u0107 w najbli\u017cszych kilkunastu dniach.<\/p>\n\n\n\n<p><strong>O budowie pawilon\u00f3w handlowo-us\u0142ugowych w tej okolicy pisali\u015bmy tak\u017ce tutaj:<\/strong><br>&#8211; <a href=\"https:\/\/gorzow.news\/index.php\/2022\/09\/21\/na-europejskim-nie-powstanie-stacja-ekoen-bedzie-za-to-kolejny-mini-pasaz-handlowy\/\">Na Europejskim nie powstanie stacja Ekoen! B\u0119dzie za to kolejny mini pasa\u017c handlowy!<\/a><br>&#8211; <a href=\"https:\/\/gorzow.news\/index.php\/2022\/09\/02\/pasaz-londynska-ostatecznie-trzy-sklepy-i-garaze-zdjecia\/\">Pasa\u017c Londy\u0144ska: Ostatecznie trzy sklepy i gara\u017ce<\/a><br>&#8211; <a href=\"https:\/\/gorzow.news\/index.php\/2022\/04\/22\/pasaz-londynska-otwarcie-tedi-w-sobote-co-jeszcze-tu-bedzie-jest-zmiana-na-poziomie-1\/\">Pasa\u017c Londy\u0144ska: Otwarcie TEDi w sobot\u0119! Co jeszcze tu b\u0119dzie? Jest zmiana na poziomie -1!<\/a><br>&#8211; <a href=\"https:\/\/gorzow.news\/index.php\/2022\/03\/10\/budowa-pasazu-handlowego-na-os-europejskim-dobiega-konca-zdjecia\/\">Budowa pasa\u017cu handlowego na os. Europejskim dobiega ko\u0144ca (zdj\u0119cia)<\/a><br>&#8211; <a href=\"https:\/\/gorzow.news\/index.php\/2022\/01\/24\/pasaz-londynska-tedi-jednym-z-czterech-najemcow-otwarcie-na-wiosne-zdjecia\/\">Pasa\u017c Londy\u0144ska: TEDi jednym z czterech najemc\u00f3w! Otwarcie na wiosn\u0119! (zdj\u0119cia)<\/a><br>&#8211; <a href=\"https:\/\/gorzow.news\/index.php\/2021\/11\/05\/juz-tylko-jeden-wolny-lokal-zostal-w-pawilonie-handlowym-na-os-europejskim-zdjecia\/\">Ju\u017c tylko jeden wolny lokal zosta\u0142 w pawilonie handlowym na os. Europejskim (zdj\u0119cia)<\/a><br>&#8211; <a href=\"https:\/\/gorzow.news\/index.php\/2021\/08\/30\/pawilon-handlowy-przy-londynskiej-bedzie-podpiwniczony-zdjecia\/\">Pawilon handlowy przy Londy\u0144skiej b\u0119dzie podpiwniczony (zdj\u0119cia)<\/a><br>&#8211; <a href=\"https:\/\/gorzow.news\/index.php\/2021\/07\/14\/rozpoczela-sie-budowa-parku-handlowego-na-os-europejskim-zdjecia\/\">Rozpocz\u0119\u0142a si\u0119 budowa parku handlowego na os. Europejskim! (zdj\u0119cia)<\/a><br>&#8211; <a href=\"https:\/\/gorzow.news\/index.php\/2021\/06\/16\/na-osiedlu-europejskim-tez-ma-byc-park-handlowy-zdjecia-i-wizualizacje\/\">Na osiedlu Europejskim te\u017c ma by\u0107 park handlowy (zdj\u0119cia i wizualizacje)<\/a><\/p>\n\n\n\r\n                <style type=\"text\/css\">\r\n                    \r\n                    #tdi_1  .td-doubleSlider-2 .td-item1 {\r\n                        background: url(https:\/\/gorzow.news\/wp-content\/uploads\/2023\/01\/IMG_20230114_141114_1-scaled.jpg) 0 0 no-repeat;\r\n                    }\r\n                    #tdi_1  .td-doubleSlider-2 .td-item2 {\r\n                        background: url(https:\/\/gorzow.news\/wp-content\/uploads\/2023\/01\/IMG_20230114_141205.jpg) 0 0 no-repeat;\r\n                    }\r\n                    #tdi_1  .td-doubleSlider-2 .td-item3 {\r\n                        background: url(https:\/\/gorzow.news\/wp-content\/uploads\/2023\/01\/IMG_20230114_141039-1.jpg) 0 0 no-repeat;\r\n                    }\r\n                    #tdi_1  .td-doubleSlider-2 .td-item4 {\r\n                        background: url(https:\/\/gorzow.news\/wp-content\/uploads\/2023\/01\/IMG_20230114_141312_1.jpg) 0 0 no-repeat;\r\n                    }\r\n                    #tdi_1  .td-doubleSlider-2 .td-item5 {\r\n                        background: url(https:\/\/gorzow.news\/wp-content\/uploads\/2023\/01\/IMG_20230114_141332_1.jpg) 0 0 no-repeat;\r\n                    }\r\n                    #tdi_1  .td-doubleSlider-2 .td-item6 {\r\n                        background: url(https:\/\/gorzow.news\/wp-content\/uploads\/2023\/01\/IMG_20230114_141557.jpg) 0 0 no-repeat;\r\n                    }\r\n                    #tdi_1  .td-doubleSlider-2 .td-item7 {\r\n                        background: url(https:\/\/gorzow.news\/wp-content\/uploads\/2023\/01\/IMG_20230114_141714.jpg) 0 0 no-repeat;\r\n                    }\r\n                    #tdi_1  .td-doubleSlider-2 .td-item8 {\r\n                        background: url(https:\/\/gorzow.news\/wp-content\/uploads\/2023\/01\/IMG_20230114_141739_1.jpg) 0 0 no-repeat;\r\n                    }\r\n                <\/style>\r\n\r\n                <div id=\"tdi_1\" class=\"td-gallery td-slide-on-2-columns\">\r\n                    <div class=\"post_td_gallery\">\r\n                        <div class=\"td-gallery-slide-top\">\r\n                           <div class=\"td-gallery-title\">Trzy budynki handlowo-us\u0142ugowe - osiedle Europejskie<\/div>\r\n\r\n                            <div class=\"td-gallery-controls-wrapper\">\r\n                                <div class=\"td-gallery-slide-count\"><span class=\"td-gallery-slide-item-focus\">1<\/span> z 8<\/div>\r\n                                <div class=\"td-gallery-slide-prev-next-but\">\r\n                                    <i class = \"td-icon-left doubleSliderPrevButton\"><\/i>\r\n                                    <i class = \"td-icon-right doubleSliderNextButton\"><\/i>\r\n                                <\/div>\r\n                            <\/div>\r\n                        <\/div>\r\n\r\n                        <div class = \"td-doubleSlider-1 \">\r\n                            <div class = \"td-slider\">\r\n                                \r\n                    <div class = \"td-slide-item td-item1\">\r\n                        <figure class=\"td-slide-galery-figure td-slide-popup-gallery\">\r\n                            <a class=\"slide-gallery-image-link\" href=\"https:\/\/gorzow.news\/wp-content\/uploads\/2023\/01\/IMG_20230114_141114_1-scaled.jpg\" title=\"\"  data-caption=\"\"  data-description=\"\">\r\n                                <img decoding=\"async\" src=\"https:\/\/gorzow.news\/wp-content\/uploads\/2023\/01\/IMG_20230114_141114_1-scaled.jpg\" srcset=\"https:\/\/gorzow.news\/wp-content\/uploads\/2023\/01\/IMG_20230114_141114_1-scaled.jpg 2560w, https:\/\/gorzow.news\/wp-content\/uploads\/2023\/01\/IMG_20230114_141114_1-300x142.jpg 300w, https:\/\/gorzow.news\/wp-content\/uploads\/2023\/01\/IMG_20230114_141114_1-1024x485.jpg 1024w, https:\/\/gorzow.news\/wp-content\/uploads\/2023\/01\/IMG_20230114_141114_1-768x363.jpg 768w, https:\/\/gorzow.news\/wp-content\/uploads\/2023\/01\/IMG_20230114_141114_1-1536x727.jpg 1536w, https:\/\/gorzow.news\/wp-content\/uploads\/2023\/01\/IMG_20230114_141114_1-2048x969.jpg 2048w, https:\/\/gorzow.news\/wp-content\/uploads\/2023\/01\/IMG_20230114_141114_1-696x329.jpg 696w, https:\/\/gorzow.news\/wp-content\/uploads\/2023\/01\/IMG_20230114_141114_1-1068x505.jpg 1068w, https:\/\/gorzow.news\/wp-content\/uploads\/2023\/01\/IMG_20230114_141114_1-1920x909.jpg 1920w\" sizes=\"(max-width: 2560px) 100vw, 2560px\" alt=\"\">\r\n                            <\/a>\r\n                            \r\n                        <\/figure>\r\n                    <\/div>\r\n                    <div class = \"td-slide-item td-item2\">\r\n                        <figure class=\"td-slide-galery-figure td-slide-popup-gallery\">\r\n                            <a class=\"slide-gallery-image-link\" href=\"https:\/\/gorzow.news\/wp-content\/uploads\/2023\/01\/IMG_20230114_141205.jpg\" title=\"\"  data-caption=\"\"  data-description=\"\">\r\n                                <img decoding=\"async\" src=\"https:\/\/gorzow.news\/wp-content\/uploads\/2023\/01\/IMG_20230114_141205.jpg\" srcset=\"https:\/\/gorzow.news\/wp-content\/uploads\/2023\/01\/IMG_20230114_141205.jpg 1600w, https:\/\/gorzow.news\/wp-content\/uploads\/2023\/01\/IMG_20230114_141205-300x142.jpg 300w, https:\/\/gorzow.news\/wp-content\/uploads\/2023\/01\/IMG_20230114_141205-1024x484.jpg 1024w, https:\/\/gorzow.news\/wp-content\/uploads\/2023\/01\/IMG_20230114_141205-768x363.jpg 768w, https:\/\/gorzow.news\/wp-content\/uploads\/2023\/01\/IMG_20230114_141205-1536x727.jpg 1536w, https:\/\/gorzow.news\/wp-content\/uploads\/2023\/01\/IMG_20230114_141205-696x329.jpg 696w, https:\/\/gorzow.news\/wp-content\/uploads\/2023\/01\/IMG_20230114_141205-1068x505.jpg 1068w\" sizes=\"(max-width: 1600px) 100vw, 1600px\" alt=\"\">\r\n                            <\/a>\r\n                            \r\n                        <\/figure>\r\n                    <\/div>\r\n                    <div class = \"td-slide-item td-item3\">\r\n                        <figure class=\"td-slide-galery-figure td-slide-popup-gallery\">\r\n                            <a class=\"slide-gallery-image-link\" href=\"https:\/\/gorzow.news\/wp-content\/uploads\/2023\/01\/IMG_20230114_141039-1.jpg\" title=\"\"  data-caption=\"\"  data-description=\"\">\r\n                                <img decoding=\"async\" src=\"https:\/\/gorzow.news\/wp-content\/uploads\/2023\/01\/IMG_20230114_141039-1.jpg\" srcset=\"https:\/\/gorzow.news\/wp-content\/uploads\/2023\/01\/IMG_20230114_141039-1.jpg 1600w, https:\/\/gorzow.news\/wp-content\/uploads\/2023\/01\/IMG_20230114_141039-1-300x142.jpg 300w, https:\/\/gorzow.news\/wp-content\/uploads\/2023\/01\/IMG_20230114_141039-1-1024x484.jpg 1024w, https:\/\/gorzow.news\/wp-content\/uploads\/2023\/01\/IMG_20230114_141039-1-768x363.jpg 768w, https:\/\/gorzow.news\/wp-content\/uploads\/2023\/01\/IMG_20230114_141039-1-1536x727.jpg 1536w, https:\/\/gorzow.news\/wp-content\/uploads\/2023\/01\/IMG_20230114_141039-1-696x329.jpg 696w, https:\/\/gorzow.news\/wp-content\/uploads\/2023\/01\/IMG_20230114_141039-1-1068x505.jpg 1068w\" sizes=\"(max-width: 1600px) 100vw, 1600px\" alt=\"\">\r\n                            <\/a>\r\n                            \r\n                        <\/figure>\r\n                    <\/div>\r\n                    <div class = \"td-slide-item td-item4\">\r\n                        <figure class=\"td-slide-galery-figure td-slide-popup-gallery\">\r\n                            <a class=\"slide-gallery-image-link\" href=\"https:\/\/gorzow.news\/wp-content\/uploads\/2023\/01\/IMG_20230114_141312_1.jpg\" title=\"\"  data-caption=\"\"  data-description=\"\">\r\n                                <img decoding=\"async\" src=\"https:\/\/gorzow.news\/wp-content\/uploads\/2023\/01\/IMG_20230114_141312_1.jpg\" srcset=\"https:\/\/gorzow.news\/wp-content\/uploads\/2023\/01\/IMG_20230114_141312_1.jpg 1600w, https:\/\/gorzow.news\/wp-content\/uploads\/2023\/01\/IMG_20230114_141312_1-300x142.jpg 300w, https:\/\/gorzow.news\/wp-content\/uploads\/2023\/01\/IMG_20230114_141312_1-1024x484.jpg 1024w, https:\/\/gorzow.news\/wp-content\/uploads\/2023\/01\/IMG_20230114_141312_1-768x363.jpg 768w, https:\/\/gorzow.news\/wp-content\/uploads\/2023\/01\/IMG_20230114_141312_1-1536x727.jpg 1536w, https:\/\/gorzow.news\/wp-content\/uploads\/2023\/01\/IMG_20230114_141312_1-696x329.jpg 696w, https:\/\/gorzow.news\/wp-content\/uploads\/2023\/01\/IMG_20230114_141312_1-1068x505.jpg 1068w\" sizes=\"(max-width: 1600px) 100vw, 1600px\" alt=\"\">\r\n                            <\/a>\r\n                            \r\n                        <\/figure>\r\n                    <\/div>\r\n                    <div class = \"td-slide-item td-item5\">\r\n                        <figure class=\"td-slide-galery-figure td-slide-popup-gallery\">\r\n                            <a class=\"slide-gallery-image-link\" href=\"https:\/\/gorzow.news\/wp-content\/uploads\/2023\/01\/IMG_20230114_141332_1.jpg\" title=\"\"  data-caption=\"\"  data-description=\"\">\r\n                                <img decoding=\"async\" src=\"https:\/\/gorzow.news\/wp-content\/uploads\/2023\/01\/IMG_20230114_141332_1.jpg\" srcset=\"https:\/\/gorzow.news\/wp-content\/uploads\/2023\/01\/IMG_20230114_141332_1.jpg 1600w, https:\/\/gorzow.news\/wp-content\/uploads\/2023\/01\/IMG_20230114_141332_1-300x142.jpg 300w, https:\/\/gorzow.news\/wp-content\/uploads\/2023\/01\/IMG_20230114_141332_1-1024x484.jpg 1024w, https:\/\/gorzow.news\/wp-content\/uploads\/2023\/01\/IMG_20230114_141332_1-768x363.jpg 768w, https:\/\/gorzow.news\/wp-content\/uploads\/2023\/01\/IMG_20230114_141332_1-1536x727.jpg 1536w, https:\/\/gorzow.news\/wp-content\/uploads\/2023\/01\/IMG_20230114_141332_1-696x329.jpg 696w, https:\/\/gorzow.news\/wp-content\/uploads\/2023\/01\/IMG_20230114_141332_1-1068x505.jpg 1068w\" sizes=\"(max-width: 1600px) 100vw, 1600px\" alt=\"\">\r\n                            <\/a>\r\n                            \r\n                        <\/figure>\r\n                    <\/div>\r\n                    <div class = \"td-slide-item td-item6\">\r\n                        <figure class=\"td-slide-galery-figure td-slide-popup-gallery\">\r\n                            <a class=\"slide-gallery-image-link\" href=\"https:\/\/gorzow.news\/wp-content\/uploads\/2023\/01\/IMG_20230114_141557.jpg\" title=\"\"  data-caption=\"\"  data-description=\"\">\r\n                                <img decoding=\"async\" src=\"https:\/\/gorzow.news\/wp-content\/uploads\/2023\/01\/IMG_20230114_141557.jpg\" srcset=\"https:\/\/gorzow.news\/wp-content\/uploads\/2023\/01\/IMG_20230114_141557.jpg 1600w, https:\/\/gorzow.news\/wp-content\/uploads\/2023\/01\/IMG_20230114_141557-300x142.jpg 300w, https:\/\/gorzow.news\/wp-content\/uploads\/2023\/01\/IMG_20230114_141557-1024x484.jpg 1024w, https:\/\/gorzow.news\/wp-content\/uploads\/2023\/01\/IMG_20230114_141557-768x363.jpg 768w, https:\/\/gorzow.news\/wp-content\/uploads\/2023\/01\/IMG_20230114_141557-1536x727.jpg 1536w, https:\/\/gorzow.news\/wp-content\/uploads\/2023\/01\/IMG_20230114_141557-696x329.jpg 696w, https:\/\/gorzow.news\/wp-content\/uploads\/2023\/01\/IMG_20230114_141557-1068x505.jpg 1068w\" sizes=\"(max-width: 1600px) 100vw, 1600px\" alt=\"\">\r\n                            <\/a>\r\n                            \r\n                        <\/figure>\r\n                    <\/div>\r\n                    <div class = \"td-slide-item td-item7\">\r\n                        <figure class=\"td-slide-galery-figure td-slide-popup-gallery\">\r\n                            <a class=\"slide-gallery-image-link\" href=\"https:\/\/gorzow.news\/wp-content\/uploads\/2023\/01\/IMG_20230114_141714.jpg\" title=\"\"  data-caption=\"\"  data-description=\"\">\r\n                                <img decoding=\"async\" src=\"https:\/\/gorzow.news\/wp-content\/uploads\/2023\/01\/IMG_20230114_141714.jpg\" srcset=\"https:\/\/gorzow.news\/wp-content\/uploads\/2023\/01\/IMG_20230114_141714.jpg 1600w, https:\/\/gorzow.news\/wp-content\/uploads\/2023\/01\/IMG_20230114_141714-300x142.jpg 300w, https:\/\/gorzow.news\/wp-content\/uploads\/2023\/01\/IMG_20230114_141714-1024x484.jpg 1024w, https:\/\/gorzow.news\/wp-content\/uploads\/2023\/01\/IMG_20230114_141714-768x363.jpg 768w, https:\/\/gorzow.news\/wp-content\/uploads\/2023\/01\/IMG_20230114_141714-1536x727.jpg 1536w, https:\/\/gorzow.news\/wp-content\/uploads\/2023\/01\/IMG_20230114_141714-696x329.jpg 696w, https:\/\/gorzow.news\/wp-content\/uploads\/2023\/01\/IMG_20230114_141714-1068x505.jpg 1068w\" sizes=\"(max-width: 1600px) 100vw, 1600px\" alt=\"\">\r\n                            <\/a>\r\n                            \r\n                        <\/figure>\r\n                    <\/div>\r\n                    <div class = \"td-slide-item td-item8\">\r\n                        <figure class=\"td-slide-galery-figure td-slide-popup-gallery\">\r\n                            <a class=\"slide-gallery-image-link\" href=\"https:\/\/gorzow.news\/wp-content\/uploads\/2023\/01\/IMG_20230114_141739_1.jpg\" title=\"\"  data-caption=\"\"  data-description=\"\">\r\n                                <img decoding=\"async\" src=\"https:\/\/gorzow.news\/wp-content\/uploads\/2023\/01\/IMG_20230114_141739_1.jpg\" srcset=\"https:\/\/gorzow.news\/wp-content\/uploads\/2023\/01\/IMG_20230114_141739_1.jpg 1600w, https:\/\/gorzow.news\/wp-content\/uploads\/2023\/01\/IMG_20230114_141739_1-300x142.jpg 300w, https:\/\/gorzow.news\/wp-content\/uploads\/2023\/01\/IMG_20230114_141739_1-1024x484.jpg 1024w, https:\/\/gorzow.news\/wp-content\/uploads\/2023\/01\/IMG_20230114_141739_1-768x363.jpg 768w, https:\/\/gorzow.news\/wp-content\/uploads\/2023\/01\/IMG_20230114_141739_1-1536x727.jpg 1536w, https:\/\/gorzow.news\/wp-content\/uploads\/2023\/01\/IMG_20230114_141739_1-696x329.jpg 696w, https:\/\/gorzow.news\/wp-content\/uploads\/2023\/01\/IMG_20230114_141739_1-1068x505.jpg 1068w\" sizes=\"(max-width: 1600px) 100vw, 1600px\" alt=\"\">\r\n                            <\/a>\r\n                            \r\n                        <\/figure>\r\n                    <\/div>\r\n                            <\/div>\r\n                        <\/div>\r\n\r\n                        <div class = \"td-doubleSlider-2\">\r\n                            <div class = \"td-slider\">\r\n                                \r\n                    <div class = \"td-button td-item1\">\r\n                        <div class = \"td-border\"><\/div>\r\n                    <\/div>\r\n                    <div class = \"td-button td-item2\">\r\n                        <div class = \"td-border\"><\/div>\r\n                    <\/div>\r\n                    <div class = \"td-button td-item3\">\r\n                        <div class = \"td-border\"><\/div>\r\n                    <\/div>\r\n                    <div class = \"td-button td-item4\">\r\n                        <div class = \"td-border\"><\/div>\r\n                    <\/div>\r\n                    <div class = \"td-button td-item5\">\r\n                        <div class = \"td-border\"><\/div>\r\n                    <\/div>\r\n                    <div class = \"td-button td-item6\">\r\n                        <div class = \"td-border\"><\/div>\r\n                    <\/div>\r\n                    <div class = \"td-button td-item7\">\r\n                        <div class = \"td-border\"><\/div>\r\n                    <\/div>\r\n                    <div class = \"td-button td-item8\">\r\n                        <div class = \"td-border\"><\/div>\r\n                    <\/div>\r\n                            <\/div>\r\n                        <\/div>\r\n\r\n                    <\/div>\r\n\r\n                <\/div>\r\n                ","protected":false},"excerpt":{"rendered":"<p>Gorzowski deweloper &#8211; firma Budnex rozpoczynaj\u0105c budow\u0119 pierwszych blok\u00f3w nowego osiedla Europejskiego od razu zaplanowa\u0142 przy ul. Brukselskiej i Londy\u0144skiej trzy budynki handlowo-us\u0142ugowe. Pierwszy z nich powsta\u0142 wiele lat temu. Mie\u015bci si\u0119 w nim Biedronka. Budowa drugiego ruszy\u0142a w 2021 roku i zako\u0144czy\u0142a si\u0119 wiosn\u0105 ubieg\u0142ego roku. Trzeci, najmniejszy zosta\u0142 wybudowany w ubieg\u0142ym roku. Obecnie najemcy szykuj\u0105 si\u0119 do otwarcia tutaj swoich punkt\u00f3w.<\/p>\n","protected":false},"author":1,"featured_media":11268,"comment_status":"open","ping_status":"open","sticky":false,"template":"","format":"standard","meta":{"footnotes":"","_links_to":"","_links_to_target":""},"categories":[2013,1624,589],"tags":[1960,1962,127,422,85,1963,1968,1967,1964,421,281,1966,1965,65,706,1730,1961],"class_list":{"0":"post-11267","1":"post","2":"type-post","3":"status-publish","4":"format-standard","5":"has-post-thumbnail","7":"category-europejskie","8":"category-inwestycje-handlowe","9":"category-wiadomosci","10":"tag-bagietka","11":"tag-bartolini","12":"tag-biedronka","13":"tag-brukselska","14":"tag-budnex","15":"tag-coccodrillo","16":"tag-duzy-ben","17":"tag-ecomyjnia-julian","18":"tag-klex","19":"tag-londynska","20":"tag-osiedle-europejskie","21":"tag-piekarnia-cukiernia-jacek-rozycki","22":"tag-pizzeria-stich","23":"tag-stokrotka","24":"tag-tedi","25":"tag-totalizator-sportowy","26":"tag-zygula"},"yoast_head":"<!-- This site is optimized with the Yoast SEO plugin v27.3 - https:\/\/yoast.com\/product\/yoast-seo-wordpress\/ -->\n<title>Osiedle Europejskie: Budnex uko\u0144czy\u0142 ostatni, trzeci budynek us\u0142ugowy (zdj\u0119cia, wykaz wszystkich najemc\u00f3w w trzech pawilonach) - Gorz\u00f3w News<\/title>\n<meta name=\"description\" content=\"Gorzowski deweloper - firma Budnex rozpoczynaj\u0105c budow\u0119 pierwszych blok\u00f3w nowego osiedla Europejskiego od razu zaplanowa\u0142 przy ul. Brukselskiej i\" \/>\n<meta name=\"robots\" content=\"index, follow, max-snippet:-1, max-image-preview:large, max-video-preview:-1\" \/>\n<link rel=\"canonical\" href=\"https:\/\/gorzow.news\/index.php\/2023\/01\/18\/osiedle-europejskie-budnex-ukonczyl-ostatni-trzeci-budynek-uslugowy-zdjecia-wykaz-wszystkich-najemcow\/\" \/>\n<meta property=\"og:locale\" content=\"pl_PL\" \/>\n<meta property=\"og:type\" content=\"article\" \/>\n<meta property=\"og:title\" content=\"Osiedle Europejskie: Budnex uko\u0144czy\u0142 ostatni, trzeci budynek us\u0142ugowy (zdj\u0119cia, wykaz wszystkich najemc\u00f3w w trzech pawilonach) - Gorz\u00f3w News\" \/>\n<meta property=\"og:description\" content=\"Gorzowski deweloper - firma Budnex rozpoczynaj\u0105c budow\u0119 pierwszych blok\u00f3w nowego osiedla Europejskiego od razu zaplanowa\u0142 przy ul. Brukselskiej i\" \/>\n<meta property=\"og:url\" content=\"https:\/\/gorzow.news\/index.php\/2023\/01\/18\/osiedle-europejskie-budnex-ukonczyl-ostatni-trzeci-budynek-uslugowy-zdjecia-wykaz-wszystkich-najemcow\/\" \/>\n<meta property=\"og:site_name\" content=\"Gorz\u00f3w News\" \/>\n<meta property=\"article:publisher\" content=\"https:\/\/www.facebook.com\/gorzowskinews\" \/>\n<meta property=\"article:published_time\" content=\"2023-01-18T09:05:09+00:00\" \/>\n<meta property=\"article:modified_time\" content=\"2023-03-04T12:55:53+00:00\" \/>\n<meta property=\"og:image\" content=\"https:\/\/gorzow.news\/wp-content\/uploads\/2023\/01\/IMG_20230114_141039.jpg\" \/>\n\t<meta property=\"og:image:width\" content=\"1600\" \/>\n\t<meta property=\"og:image:height\" content=\"757\" \/>\n\t<meta property=\"og:image:type\" content=\"image\/jpeg\" \/>\n<meta name=\"author\" content=\"maciej\" \/>\n<meta name=\"twitter:card\" content=\"summary_large_image\" \/>\n<meta name=\"twitter:label1\" content=\"Napisane przez\" \/>\n\t<meta name=\"twitter:data1\" content=\"maciej\" \/>\n\t<meta name=\"twitter:label2\" content=\"Szacowany czas czytania\" \/>\n\t<meta name=\"twitter:data2\" content=\"2 minuty\" \/>\n<script type=\"application\/ld+json\" class=\"yoast-schema-graph\">{\"@context\":\"https:\\\/\\\/schema.org\",\"@graph\":[{\"@type\":\"Article\",\"@id\":\"https:\\\/\\\/gorzow.news\\\/index.php\\\/2023\\\/01\\\/18\\\/osiedle-europejskie-budnex-ukonczyl-ostatni-trzeci-budynek-uslugowy-zdjecia-wykaz-wszystkich-najemcow\\\/#article\",\"isPartOf\":{\"@id\":\"https:\\\/\\\/gorzow.news\\\/index.php\\\/2023\\\/01\\\/18\\\/osiedle-europejskie-budnex-ukonczyl-ostatni-trzeci-budynek-uslugowy-zdjecia-wykaz-wszystkich-najemcow\\\/\"},\"author\":{\"name\":\"maciej\",\"@id\":\"https:\\\/\\\/gorzow.news\\\/#\\\/schema\\\/person\\\/a1e5ab43166369f2ce236a1cd90995bb\"},\"headline\":\"Osiedle Europejskie: Budnex uko\u0144czy\u0142 ostatni, trzeci budynek us\u0142ugowy (zdj\u0119cia, wykaz wszystkich najemc\u00f3w w trzech pawilonach)\",\"datePublished\":\"2023-01-18T09:05:09+00:00\",\"dateModified\":\"2023-03-04T12:55:53+00:00\",\"mainEntityOfPage\":{\"@id\":\"https:\\\/\\\/gorzow.news\\\/index.php\\\/2023\\\/01\\\/18\\\/osiedle-europejskie-budnex-ukonczyl-ostatni-trzeci-budynek-uslugowy-zdjecia-wykaz-wszystkich-najemcow\\\/\"},\"wordCount\":420,\"commentCount\":0,\"image\":{\"@id\":\"https:\\\/\\\/gorzow.news\\\/index.php\\\/2023\\\/01\\\/18\\\/osiedle-europejskie-budnex-ukonczyl-ostatni-trzeci-budynek-uslugowy-zdjecia-wykaz-wszystkich-najemcow\\\/#primaryimage\"},\"thumbnailUrl\":\"https:\\\/\\\/gorzow.news\\\/wp-content\\\/uploads\\\/2023\\\/01\\\/IMG_20230114_141039.jpg\",\"keywords\":[\"Bagietka\",\"Bartolini\",\"Biedronka\",\"Brukselska\",\"Budnex\",\"Coccodrillo\",\"Du\u017cy Ben\",\"ecomyjnia Julian\",\"Klex\",\"Londy\u0144ska\",\"Osiedle Europejskie\",\"piekarnia - cukiernia Jacek R\u00f3\u017cycki\",\"pizzeria Stich\",\"Stokrotka\",\"TEDi\",\"Totalizator Sportowy\",\"Zygu\u0142a\"],\"articleSection\":[\"Europejskie\",\"Inwestycje handlowe\",\"Wiadomo\u015bci\"],\"inLanguage\":\"pl-PL\",\"potentialAction\":[{\"@type\":\"CommentAction\",\"name\":\"Comment\",\"target\":[\"https:\\\/\\\/gorzow.news\\\/index.php\\\/2023\\\/01\\\/18\\\/osiedle-europejskie-budnex-ukonczyl-ostatni-trzeci-budynek-uslugowy-zdjecia-wykaz-wszystkich-najemcow\\\/#respond\"]}]},{\"@type\":\"WebPage\",\"@id\":\"https:\\\/\\\/gorzow.news\\\/index.php\\\/2023\\\/01\\\/18\\\/osiedle-europejskie-budnex-ukonczyl-ostatni-trzeci-budynek-uslugowy-zdjecia-wykaz-wszystkich-najemcow\\\/\",\"url\":\"https:\\\/\\\/gorzow.news\\\/index.php\\\/2023\\\/01\\\/18\\\/osiedle-europejskie-budnex-ukonczyl-ostatni-trzeci-budynek-uslugowy-zdjecia-wykaz-wszystkich-najemcow\\\/\",\"name\":\"Osiedle Europejskie: Budnex uko\u0144czy\u0142 ostatni, trzeci budynek us\u0142ugowy (zdj\u0119cia, wykaz wszystkich najemc\u00f3w w trzech pawilonach) - Gorz\u00f3w News\",\"isPartOf\":{\"@id\":\"https:\\\/\\\/gorzow.news\\\/#website\"},\"primaryImageOfPage\":{\"@id\":\"https:\\\/\\\/gorzow.news\\\/index.php\\\/2023\\\/01\\\/18\\\/osiedle-europejskie-budnex-ukonczyl-ostatni-trzeci-budynek-uslugowy-zdjecia-wykaz-wszystkich-najemcow\\\/#primaryimage\"},\"image\":{\"@id\":\"https:\\\/\\\/gorzow.news\\\/index.php\\\/2023\\\/01\\\/18\\\/osiedle-europejskie-budnex-ukonczyl-ostatni-trzeci-budynek-uslugowy-zdjecia-wykaz-wszystkich-najemcow\\\/#primaryimage\"},\"thumbnailUrl\":\"https:\\\/\\\/gorzow.news\\\/wp-content\\\/uploads\\\/2023\\\/01\\\/IMG_20230114_141039.jpg\",\"datePublished\":\"2023-01-18T09:05:09+00:00\",\"dateModified\":\"2023-03-04T12:55:53+00:00\",\"author\":{\"@id\":\"https:\\\/\\\/gorzow.news\\\/#\\\/schema\\\/person\\\/a1e5ab43166369f2ce236a1cd90995bb\"},\"description\":\"Gorzowski deweloper - firma Budnex rozpoczynaj\u0105c budow\u0119 pierwszych blok\u00f3w nowego osiedla Europejskiego od razu zaplanowa\u0142 przy ul. Brukselskiej i Londy\u0144skiej trzy budynki handlowo-us\u0142ugowe. Pierwszy z nich powsta\u0142 wiele lat temu. Mie\u015bci si\u0119 w nim Biedronka. Budowa drugiego ruszy\u0142a w 2021 roku i zako\u0144czy\u0142a si\u0119 wiosn\u0105 ubieg\u0142ego roku. Trzeci, najmniejszy zosta\u0142 wybudowany w ubieg\u0142ym roku. Obecnie najemcy szykuj\u0105 si\u0119 do otwarcia tutaj swoich punkt\u00f3w.\",\"breadcrumb\":{\"@id\":\"https:\\\/\\\/gorzow.news\\\/index.php\\\/2023\\\/01\\\/18\\\/osiedle-europejskie-budnex-ukonczyl-ostatni-trzeci-budynek-uslugowy-zdjecia-wykaz-wszystkich-najemcow\\\/#breadcrumb\"},\"inLanguage\":\"pl-PL\",\"potentialAction\":[{\"@type\":\"ReadAction\",\"target\":[\"https:\\\/\\\/gorzow.news\\\/index.php\\\/2023\\\/01\\\/18\\\/osiedle-europejskie-budnex-ukonczyl-ostatni-trzeci-budynek-uslugowy-zdjecia-wykaz-wszystkich-najemcow\\\/\"]}]},{\"@type\":\"ImageObject\",\"inLanguage\":\"pl-PL\",\"@id\":\"https:\\\/\\\/gorzow.news\\\/index.php\\\/2023\\\/01\\\/18\\\/osiedle-europejskie-budnex-ukonczyl-ostatni-trzeci-budynek-uslugowy-zdjecia-wykaz-wszystkich-najemcow\\\/#primaryimage\",\"url\":\"https:\\\/\\\/gorzow.news\\\/wp-content\\\/uploads\\\/2023\\\/01\\\/IMG_20230114_141039.jpg\",\"contentUrl\":\"https:\\\/\\\/gorzow.news\\\/wp-content\\\/uploads\\\/2023\\\/01\\\/IMG_20230114_141039.jpg\",\"width\":1600,\"height\":757,\"caption\":\"Trzeci i zarazem najmniejszy pawilon handlowo-us\u0142ugowy w tej cz\u0119\u015bci osiedla Europejskiego gotowy. Trwa wyka\u0144czanie dw\u00f3ch mieszcz\u0105cych si\u0119 w nim lokali przez najemc\u00f3w.\"},{\"@type\":\"BreadcrumbList\",\"@id\":\"https:\\\/\\\/gorzow.news\\\/index.php\\\/2023\\\/01\\\/18\\\/osiedle-europejskie-budnex-ukonczyl-ostatni-trzeci-budynek-uslugowy-zdjecia-wykaz-wszystkich-najemcow\\\/#breadcrumb\",\"itemListElement\":[{\"@type\":\"ListItem\",\"position\":1,\"name\":\"Home\",\"item\":\"https:\\\/\\\/gorzow.news\\\/\"},{\"@type\":\"ListItem\",\"position\":2,\"name\":\"Osiedle Europejskie: Budnex uko\u0144czy\u0142 ostatni, trzeci budynek us\u0142ugowy (zdj\u0119cia, wykaz wszystkich najemc\u00f3w w trzech pawilonach)\"}]},{\"@type\":\"WebSite\",\"@id\":\"https:\\\/\\\/gorzow.news\\\/#website\",\"url\":\"https:\\\/\\\/gorzow.news\\\/\",\"name\":\"Gorz\u00f3w News\",\"description\":\"Sp\u00f3jrz inaczej na miato i region...\",\"potentialAction\":[{\"@type\":\"SearchAction\",\"target\":{\"@type\":\"EntryPoint\",\"urlTemplate\":\"https:\\\/\\\/gorzow.news\\\/?s={search_term_string}\"},\"query-input\":{\"@type\":\"PropertyValueSpecification\",\"valueRequired\":true,\"valueName\":\"search_term_string\"}}],\"inLanguage\":\"pl-PL\"},{\"@type\":\"Person\",\"@id\":\"https:\\\/\\\/gorzow.news\\\/#\\\/schema\\\/person\\\/a1e5ab43166369f2ce236a1cd90995bb\",\"name\":\"maciej\",\"image\":{\"@type\":\"ImageObject\",\"inLanguage\":\"pl-PL\",\"@id\":\"https:\\\/\\\/secure.gravatar.com\\\/avatar\\\/530a674d56ba60cfa0ef21d74e8e8d123a51bb7aa6580465b5c2ab2c2e980a19?s=96&r=g&d=https:\\\/\\\/gorzow.news\\\/wp-content\\\/plugins\\\/userswp\\\/assets\\\/images\\\/no_profile.png\",\"url\":\"https:\\\/\\\/secure.gravatar.com\\\/avatar\\\/530a674d56ba60cfa0ef21d74e8e8d123a51bb7aa6580465b5c2ab2c2e980a19?s=96&r=g&d=https:\\\/\\\/gorzow.news\\\/wp-content\\\/plugins\\\/userswp\\\/assets\\\/images\\\/no_profile.png\",\"contentUrl\":\"https:\\\/\\\/secure.gravatar.com\\\/avatar\\\/530a674d56ba60cfa0ef21d74e8e8d123a51bb7aa6580465b5c2ab2c2e980a19?s=96&r=g&d=https:\\\/\\\/gorzow.news\\\/wp-content\\\/plugins\\\/userswp\\\/assets\\\/images\\\/no_profile.png\",\"caption\":\"maciej\"},\"url\":\"https:\\\/\\\/gorzow.news\\\/index.php\\\/profile\\\/maciej\\\/\"}]}<\/script>\n<!-- \/ Yoast SEO plugin. -->","yoast_head_json":{"title":"Osiedle Europejskie: Budnex uko\u0144czy\u0142 ostatni, trzeci budynek us\u0142ugowy (zdj\u0119cia, wykaz wszystkich najemc\u00f3w w trzech pawilonach) - Gorz\u00f3w News","description":"Gorzowski deweloper - firma Budnex rozpoczynaj\u0105c budow\u0119 pierwszych blok\u00f3w nowego osiedla Europejskiego od razu zaplanowa\u0142 przy ul. Brukselskiej i","robots":{"index":"index","follow":"follow","max-snippet":"max-snippet:-1","max-image-preview":"max-image-preview:large","max-video-preview":"max-video-preview:-1"},"canonical":"https:\/\/gorzow.news\/index.php\/2023\/01\/18\/osiedle-europejskie-budnex-ukonczyl-ostatni-trzeci-budynek-uslugowy-zdjecia-wykaz-wszystkich-najemcow\/","og_locale":"pl_PL","og_type":"article","og_title":"Osiedle Europejskie: Budnex uko\u0144czy\u0142 ostatni, trzeci budynek us\u0142ugowy (zdj\u0119cia, wykaz wszystkich najemc\u00f3w w trzech pawilonach) - Gorz\u00f3w News","og_description":"Gorzowski deweloper - firma Budnex rozpoczynaj\u0105c budow\u0119 pierwszych blok\u00f3w nowego osiedla Europejskiego od razu zaplanowa\u0142 przy ul. Brukselskiej i","og_url":"https:\/\/gorzow.news\/index.php\/2023\/01\/18\/osiedle-europejskie-budnex-ukonczyl-ostatni-trzeci-budynek-uslugowy-zdjecia-wykaz-wszystkich-najemcow\/","og_site_name":"Gorz\u00f3w News","article_publisher":"https:\/\/www.facebook.com\/gorzowskinews","article_published_time":"2023-01-18T09:05:09+00:00","article_modified_time":"2023-03-04T12:55:53+00:00","og_image":[{"width":1600,"height":757,"url":"https:\/\/gorzow.news\/wp-content\/uploads\/2023\/01\/IMG_20230114_141039.jpg","type":"image\/jpeg"}],"author":"maciej","twitter_card":"summary_large_image","twitter_misc":{"Napisane przez":"maciej","Szacowany czas czytania":"2 minuty"},"schema":{"@context":"https:\/\/schema.org","@graph":[{"@type":"Article","@id":"https:\/\/gorzow.news\/index.php\/2023\/01\/18\/osiedle-europejskie-budnex-ukonczyl-ostatni-trzeci-budynek-uslugowy-zdjecia-wykaz-wszystkich-najemcow\/#article","isPartOf":{"@id":"https:\/\/gorzow.news\/index.php\/2023\/01\/18\/osiedle-europejskie-budnex-ukonczyl-ostatni-trzeci-budynek-uslugowy-zdjecia-wykaz-wszystkich-najemcow\/"},"author":{"name":"maciej","@id":"https:\/\/gorzow.news\/#\/schema\/person\/a1e5ab43166369f2ce236a1cd90995bb"},"headline":"Osiedle Europejskie: Budnex uko\u0144czy\u0142 ostatni, trzeci budynek us\u0142ugowy (zdj\u0119cia, wykaz wszystkich najemc\u00f3w w trzech pawilonach)","datePublished":"2023-01-18T09:05:09+00:00","dateModified":"2023-03-04T12:55:53+00:00","mainEntityOfPage":{"@id":"https:\/\/gorzow.news\/index.php\/2023\/01\/18\/osiedle-europejskie-budnex-ukonczyl-ostatni-trzeci-budynek-uslugowy-zdjecia-wykaz-wszystkich-najemcow\/"},"wordCount":420,"commentCount":0,"image":{"@id":"https:\/\/gorzow.news\/index.php\/2023\/01\/18\/osiedle-europejskie-budnex-ukonczyl-ostatni-trzeci-budynek-uslugowy-zdjecia-wykaz-wszystkich-najemcow\/#primaryimage"},"thumbnailUrl":"https:\/\/gorzow.news\/wp-content\/uploads\/2023\/01\/IMG_20230114_141039.jpg","keywords":["Bagietka","Bartolini","Biedronka","Brukselska","Budnex","Coccodrillo","Du\u017cy Ben","ecomyjnia Julian","Klex","Londy\u0144ska","Osiedle Europejskie","piekarnia - cukiernia Jacek R\u00f3\u017cycki","pizzeria Stich","Stokrotka","TEDi","Totalizator Sportowy","Zygu\u0142a"],"articleSection":["Europejskie","Inwestycje handlowe","Wiadomo\u015bci"],"inLanguage":"pl-PL","potentialAction":[{"@type":"CommentAction","name":"Comment","target":["https:\/\/gorzow.news\/index.php\/2023\/01\/18\/osiedle-europejskie-budnex-ukonczyl-ostatni-trzeci-budynek-uslugowy-zdjecia-wykaz-wszystkich-najemcow\/#respond"]}]},{"@type":"WebPage","@id":"https:\/\/gorzow.news\/index.php\/2023\/01\/18\/osiedle-europejskie-budnex-ukonczyl-ostatni-trzeci-budynek-uslugowy-zdjecia-wykaz-wszystkich-najemcow\/","url":"https:\/\/gorzow.news\/index.php\/2023\/01\/18\/osiedle-europejskie-budnex-ukonczyl-ostatni-trzeci-budynek-uslugowy-zdjecia-wykaz-wszystkich-najemcow\/","name":"Osiedle Europejskie: Budnex uko\u0144czy\u0142 ostatni, trzeci budynek us\u0142ugowy (zdj\u0119cia, wykaz wszystkich najemc\u00f3w w trzech pawilonach) - Gorz\u00f3w News","isPartOf":{"@id":"https:\/\/gorzow.news\/#website"},"primaryImageOfPage":{"@id":"https:\/\/gorzow.news\/index.php\/2023\/01\/18\/osiedle-europejskie-budnex-ukonczyl-ostatni-trzeci-budynek-uslugowy-zdjecia-wykaz-wszystkich-najemcow\/#primaryimage"},"image":{"@id":"https:\/\/gorzow.news\/index.php\/2023\/01\/18\/osiedle-europejskie-budnex-ukonczyl-ostatni-trzeci-budynek-uslugowy-zdjecia-wykaz-wszystkich-najemcow\/#primaryimage"},"thumbnailUrl":"https:\/\/gorzow.news\/wp-content\/uploads\/2023\/01\/IMG_20230114_141039.jpg","datePublished":"2023-01-18T09:05:09+00:00","dateModified":"2023-03-04T12:55:53+00:00","author":{"@id":"https:\/\/gorzow.news\/#\/schema\/person\/a1e5ab43166369f2ce236a1cd90995bb"},"description":"Gorzowski deweloper - firma Budnex rozpoczynaj\u0105c budow\u0119 pierwszych blok\u00f3w nowego osiedla Europejskiego od razu zaplanowa\u0142 przy ul. Brukselskiej i Londy\u0144skiej trzy budynki handlowo-us\u0142ugowe. Pierwszy z nich powsta\u0142 wiele lat temu. Mie\u015bci si\u0119 w nim Biedronka. Budowa drugiego ruszy\u0142a w 2021 roku i zako\u0144czy\u0142a si\u0119 wiosn\u0105 ubieg\u0142ego roku. Trzeci, najmniejszy zosta\u0142 wybudowany w ubieg\u0142ym roku. Obecnie najemcy szykuj\u0105 si\u0119 do otwarcia tutaj swoich punkt\u00f3w.","breadcrumb":{"@id":"https:\/\/gorzow.news\/index.php\/2023\/01\/18\/osiedle-europejskie-budnex-ukonczyl-ostatni-trzeci-budynek-uslugowy-zdjecia-wykaz-wszystkich-najemcow\/#breadcrumb"},"inLanguage":"pl-PL","potentialAction":[{"@type":"ReadAction","target":["https:\/\/gorzow.news\/index.php\/2023\/01\/18\/osiedle-europejskie-budnex-ukonczyl-ostatni-trzeci-budynek-uslugowy-zdjecia-wykaz-wszystkich-najemcow\/"]}]},{"@type":"ImageObject","inLanguage":"pl-PL","@id":"https:\/\/gorzow.news\/index.php\/2023\/01\/18\/osiedle-europejskie-budnex-ukonczyl-ostatni-trzeci-budynek-uslugowy-zdjecia-wykaz-wszystkich-najemcow\/#primaryimage","url":"https:\/\/gorzow.news\/wp-content\/uploads\/2023\/01\/IMG_20230114_141039.jpg","contentUrl":"https:\/\/gorzow.news\/wp-content\/uploads\/2023\/01\/IMG_20230114_141039.jpg","width":1600,"height":757,"caption":"Trzeci i zarazem najmniejszy pawilon handlowo-us\u0142ugowy w tej cz\u0119\u015bci osiedla Europejskiego gotowy. Trwa wyka\u0144czanie dw\u00f3ch mieszcz\u0105cych si\u0119 w nim lokali przez najemc\u00f3w."},{"@type":"BreadcrumbList","@id":"https:\/\/gorzow.news\/index.php\/2023\/01\/18\/osiedle-europejskie-budnex-ukonczyl-ostatni-trzeci-budynek-uslugowy-zdjecia-wykaz-wszystkich-najemcow\/#breadcrumb","itemListElement":[{"@type":"ListItem","position":1,"name":"Home","item":"https:\/\/gorzow.news\/"},{"@type":"ListItem","position":2,"name":"Osiedle Europejskie: Budnex uko\u0144czy\u0142 ostatni, trzeci budynek us\u0142ugowy (zdj\u0119cia, wykaz wszystkich najemc\u00f3w w trzech pawilonach)"}]},{"@type":"WebSite","@id":"https:\/\/gorzow.news\/#website","url":"https:\/\/gorzow.news\/","name":"Gorz\u00f3w News","description":"Sp\u00f3jrz inaczej na miato i region...","potentialAction":[{"@type":"SearchAction","target":{"@type":"EntryPoint","urlTemplate":"https:\/\/gorzow.news\/?s={search_term_string}"},"query-input":{"@type":"PropertyValueSpecification","valueRequired":true,"valueName":"search_term_string"}}],"inLanguage":"pl-PL"},{"@type":"Person","@id":"https:\/\/gorzow.news\/#\/schema\/person\/a1e5ab43166369f2ce236a1cd90995bb","name":"maciej","image":{"@type":"ImageObject","inLanguage":"pl-PL","@id":"https:\/\/secure.gravatar.com\/avatar\/530a674d56ba60cfa0ef21d74e8e8d123a51bb7aa6580465b5c2ab2c2e980a19?s=96&r=g&d=https:\/\/gorzow.news\/wp-content\/plugins\/userswp\/assets\/images\/no_profile.png","url":"https:\/\/secure.gravatar.com\/avatar\/530a674d56ba60cfa0ef21d74e8e8d123a51bb7aa6580465b5c2ab2c2e980a19?s=96&r=g&d=https:\/\/gorzow.news\/wp-content\/plugins\/userswp\/assets\/images\/no_profile.png","contentUrl":"https:\/\/secure.gravatar.com\/avatar\/530a674d56ba60cfa0ef21d74e8e8d123a51bb7aa6580465b5c2ab2c2e980a19?s=96&r=g&d=https:\/\/gorzow.news\/wp-content\/plugins\/userswp\/assets\/images\/no_profile.png","caption":"maciej"},"url":"https:\/\/gorzow.news\/index.php\/profile\/maciej\/"}]}},"_links":{"self":[{"href":"https:\/\/gorzow.news\/index.php\/wp-json\/wp\/v2\/posts\/11267","targetHints":{"allow":["GET"]}}],"collection":[{"href":"https:\/\/gorzow.news\/index.php\/wp-json\/wp\/v2\/posts"}],"about":[{"href":"https:\/\/gorzow.news\/index.php\/wp-json\/wp\/v2\/types\/post"}],"author":[{"embeddable":true,"href":"https:\/\/gorzow.news\/index.php\/wp-json\/wp\/v2\/users\/1"}],"replies":[{"embeddable":true,"href":"https:\/\/gorzow.news\/index.php\/wp-json\/wp\/v2\/comments?post=11267"}],"version-history":[{"count":0,"href":"https:\/\/gorzow.news\/index.php\/wp-json\/wp\/v2\/posts\/11267\/revisions"}],"wp:featuredmedia":[{"embeddable":true,"href":"https:\/\/gorzow.news\/index.php\/wp-json\/wp\/v2\/media\/11268"}],"wp:attachment":[{"href":"https:\/\/gorzow.news\/index.php\/wp-json\/wp\/v2\/media?parent=11267"}],"wp:term":[{"taxonomy":"category","embeddable":true,"href":"https:\/\/gorzow.news\/index.php\/wp-json\/wp\/v2\/categories?post=11267"},{"taxonomy":"post_tag","embeddable":true,"href":"https:\/\/gorzow.news\/index.php\/wp-json\/wp\/v2\/tags?post=11267"}],"curies":[{"name":"wp","href":"https:\/\/api.w.org\/{rel}","templated":true}]}}