{"id":11112,"date":"2023-01-11T09:08:15","date_gmt":"2023-01-11T08:08:15","guid":{"rendered":"https:\/\/gorzow.news\/?p=11112"},"modified":"2023-03-04T14:24:36","modified_gmt":"2023-03-04T13:24:36","slug":"wiemy-jak-ma-wygladac-park-handlowy-s1-gorzow-w-pawilonie-po-tesco-sprawdzilismy-tez-jak-duzy-bedzie-tu-carrefour-wizualizacje","status":"publish","type":"post","link":"https:\/\/gorzow.news\/index.php\/2023\/01\/11\/wiemy-jak-ma-wygladac-park-handlowy-s1-gorzow-w-pawilonie-po-tesco-sprawdzilismy-tez-jak-duzy-bedzie-tu-carrefour-wizualizacje\/","title":{"rendered":"Wiemy jak ma wygl\u0105da\u0107 park handlowy S1 Gorz\u00f3w w pawilonie po Tesco! Sprawdzili\u015bmy te\u017c, jak du\u017cy b\u0119dzie tu Carrefour! (wizualizacje)"},"content":{"rendered":"\n<p><strong>Od listopada trwa przebudowa pawilonu po Tesco przy ul. G\u00f3rczy\u0144skiej. W czwartym kwartale tego roku zostanie tu uruchomiony park handlowy S1 Gorz\u00f3w. Jego najwi\u0119kszym najemc\u0105 zosta\u0107 ma Carrefour, kt\u00f3ry w grudniu ubieg\u0142ego roku uruchomi\u0142 w mie\u015bcie sw\u00f3j pierwszy market. Jak du\u017cy b\u0119dzie sklep przy G\u00f3rczy\u0144skiej? Jak b\u0119dzie wygl\u0105da\u0142 park handlowy? Sprawdzili\u015bmy!<\/strong><\/p>\n\n\n\n<p>Przy ul. G\u00f3rczy\u0144skiej Tesco dzia\u0142a\u0142o do sierpnia 2021 roku. P\u00f3\u017aniej budynek naby\u0142a du\u0144ska sie\u0107 Netto przy okazji ogromnej transakcji przej\u0119cia 301 sklep\u00f3w w ca\u0142ej Polsce po brytyjskiej sieci. Swojego sklepu jednak w ogromnym pawilonie w Gorzowie nie uruchomi\u0142a. Obiekt wraz z parkingiem odsprzeda\u0142a firmie Saller Group, kt\u00f3ra chwil\u0119 po zakupie zadeklarowa\u0142a, \u017ce w tym miejscu powstanie park handlowy. Przez blisko rok inwestycja by\u0142a jednak wstrzymana. Tymczasowo w budynku zlokalizowane by\u0142o centrum pomocy dla uchod\u017ac\u00f3w z Ukrainy.<\/p>\n\n\n\n<p>Prace na dobre ruszy\u0142y w pierwszej cz\u0119\u015bci listopada ubieg\u0142ego roku, gdy do pawilonu po Tesco wesz\u0142o Przedsi\u0119biorstwo Projektowo-Wykonawcze Budownictwa i instalacji KOMA z Torunia. Przez dwa miesi\u0105ce prac firmie uda\u0142o si\u0119 wyburzy\u0107 wszystkie zb\u0119d\u0119 \u015bciany dzia\u0142owe, rozebra\u0107 star\u0105 wentylacj\u0119, a tak\u017ce ogromn\u0105 cz\u0119\u015b\u0107 dachu. Obecnie trwaj\u0105 prace przy instalacji nowej konstrukcji dachowej. W kolejnych miesi\u0105cach ca\u0142kowitej wymiany doczeka si\u0119 r\u00f3wnie\u017c elewacja budynku. Sam pawilon zostanie podzielony na kilkana\u015bcie sklep\u00f3w z oddzielnymi wej\u015bciami od strony parkingu.<\/p>\n\n\n\n<p><strong>Carrefour z drugim du\u017cym sklepem w mie\u015bcie<\/strong><\/p>\n\n\n\n<p>&#8211; Najwi\u0119ksz\u0105 powierzchnie, bo oko\u0142o 4.000 mkw. zaj\u0105\u0107 ma Carrefour &#8211; m\u00f3wi nam <strong>Jacek Zagrabski<\/strong>, pe\u0142nomocnik zarz\u0105du Saller Group. Oznacza, to \u017ce sklep francuskiej sieci w nowym parku handlowym przy ul. G\u00f3rczy\u0144skiej b\u0119dzie blisko cztery razy wi\u0119kszy od tego uruchomionego w grudniu w NoVa Park (powierzchnia ca\u0142o\u015bci 1.100 mkw., w tym oko\u0142o 750 mkw. sala sprzeda\u017cy).<\/p>\n\n\n\n<p>Nowy sklep zaoferowa\u0107 ma ponad 22 tysi\u0105ce produkt\u00f3w spo\u017cywczych i przemys\u0142owych. Ma\u0142y hipermarket ma mie\u0107 du\u017c\u0105 i nowocze\u015bnie zaaran\u017cowan\u0105 powierzchni\u0119, kt\u00f3ra u\u0142atwia zachowanie dystansu oraz pozwala szybko i sprawnie zrobi\u0107 i sfinalizowa\u0107 zakupy bez d\u0142ugiego oczekiwania przy kasach. Sie\u0107 b\u0119dzie chcia\u0142a przyci\u0105gn\u0105\u0107 klient\u00f3w, kt\u00f3rzy wcze\u015bniej robili zakupy w dyskontach. Klient\u00f3w przekona\u0107 ma szeroka i r\u00f3\u017cnorodna oferta dost\u0119pna pod jednym dachem: w\u0142asna w\u0119dzarnia, rozbudowana oferta produkt\u00f3w \u015bwie\u017cych, czyli dostarczanych codziennie owoc\u00f3w, warzyw, pieczywa, w\u0119dlin czy ryb, a tak\u017ce autorska zdrowa p\u00f3\u0142ka oraz strefy tematyczne.<\/p>\n\n\n\n<p>Strefy tematyczne maj\u0105 u\u0142atwi\u0107 logistyk\u0119 oraz podnie\u015b\u0107 komfort zakup\u00f3w klient\u00f3w. W strefie sezonowej, rozbudowywanej w zale\u017cno\u015bci od aktualnego okresu w roku, klienci znajd\u0105 w grudniu szerok\u0105 ofert\u0119 zabawek, dekoracji i smako\u0142yk\u00f3w \u015bwi\u0105tecznych.<\/p>\n\n\n\n<p>Specjalna strefa Outlet zapewni\u0107 ma z kolei dost\u0119p do okazji zakupowych nawet o 70% ta\u0144szych ni\u017c na rynku. Carrefour przygotuje w niej szerok\u0105 ofert\u0119 kilkuset produkt\u00f3w niespo\u017cywczych, kt\u00f3re klienci mog\u0105 naby\u0107 w wyj\u0105tkowo atrakcyjnych cenach i z korzystnymi rabatami. Produkty w strefie OUTLET grupowane s\u0105 wed\u0142ug cen, kt\u00f3re rozpoczynaj\u0105 si\u0119 ju\u017c od 1 z\u0142. Sie\u0107 oferuje szerok\u0105 gam\u0119 produkt\u00f3w przemys\u0142owych w wielu kategoriach, w tym m.in. artyku\u0142y wyposa\u017cenia wn\u0119trz, dekoracyjne, sportowe, dla domu, zabawki, RTV\/AGD.<\/p>\n\n\n\n<p>Klienci Carrefour poszukuj\u0105cy wysokiej jako\u015bci produkt\u00f3w spo\u017cywczych doceni\u0107 maj\u0105 stref\u0119 Targ \u015awie\u017co\u015bci oraz stref\u0119 Zdrowia z ofert\u0105 bio, vege, bezglutenow\u0105, bez cukru czy bez laktozy. W ofercie przewidziano ponad 4.000 produkt\u00f3w codziennych marki w\u0142asnej Carrefour obj\u0119tych gwarancj\u0105 najni\u017cszej ceny. Carrefour przewidzia\u0142 r\u00f3wnie\u017c stref\u0119 alkoholi z szerokim wyborem wina, bibliotek\u0105 alkoholi mocnych oraz piwami rzemie\u015blniczymi.<\/p>\n\n\n\n<p>Strefa tekstylna Tex Carrefour zapewni\u0107 ma za\u015b klientom modne, wysokiej jako\u015bci tekstylia zaprojektowane we Francji, kt\u00f3re oferowane s\u0105 w przyst\u0119pnych cenach. Sie\u0107 nie zapomina r\u00f3wnie\u017c o mi\u0142o\u015bnikach zwierz\u0105t, kt\u00f3rzy b\u0119d\u0105 mogli skorzysta\u0107 ze specjalnej cz\u0119\u015bci sklepu z produktami dla pupila.<\/p>\n\n\n\n<p>Na terenie hipermarketu ma by\u0107 dost\u0119pny r\u00f3wnie\u017c punkt gastronomiczny Carrefour Bistro, w kt\u00f3rym klienci b\u0119d\u0105 mogli kupi\u0107 \u015bwie\u017ce kanapki, przek\u0105ski czy kaw\u0119.&nbsp;<\/p>\n\n\n\n<p><strong>Ile powierzchni na pozosta\u0142e sklepy?<\/strong><\/p>\n\n\n\n<p>Pawilon przy ul. G\u00f3rczy\u0144skiej ma lekko ponad 10.000 mkw. Czyli na pozosta\u0142e punkty handlowo-us\u0142ugowe w tym miejscu pozostanie lekko ponad 6.000 mkw. To sporo, bo przyk\u0142adowo powierzchnia najmu w ca\u0142ym N-Parku przy ul. Chemicznej jest bardzo podobna i wynosi 6.300 mkw. Zlokalizowanych jest tam 13. sklep\u00f3w &#8211; w tym najwi\u0119ksza Biedronka o powierzchni 1.161 mkw. \u015amia\u0142o wi\u0119c w parku handlowym S1 Gorz\u00f3w uruchomionych mo\u017ce zosta\u0107 kilkana\u015bcie sporej wielko\u015bci punkt\u00f3w handlowych.<\/p>\n\n\n\n<p>Inwestor z wi\u0119kszo\u015bci\u0105 najemc\u00f3w podpisa\u0142 ju\u017c umowy. Jednak nazw sklep\u00f3w nie chce nadal zdradzi\u0107. Wynika to g\u0142\u00f3wnie ze wzgl\u0119du na zapowiadane i ju\u017c budowane inne inwestycje handlowe w mie\u015bcie.<\/p>\n\n\n\n<p>Przy przebudowie prawie trzydziestoletniego obiektu jest sporo zada\u0144 do wykonania. Wszystkie prace maj\u0105 si\u0119 jednak zako\u0144czy\u0107 do\u015b\u0107 szybko, bo do ko\u0144ca wrze\u015bnia tego roku. Sam park handlowy ma zosta\u0107 otwarty w IV kwartale 2023 roku. Przed obiektem zostanie wybudowany sporych rozmiar\u00f3w pylon reklamowy z logami najemc\u00f3w.<\/p>\n\n\n\n<p>Wizualizacje nowego parku handlowego w mie\u015bcie, do kt\u00f3rych dotar\u0142 portal GORZ\u00d3W.NEWS mo\u017cna zobaczy\u0107 poni\u017cej.<\/p>\n\n\n\n<p><strong>O inwestycji piszemy tak\u017ce tutaj:<\/strong><br>&#8211; <a href=\"https:\/\/gorzow.news\/index.php\/2022\/11\/15\/budowa-parku-handlowego-s1-gorzow-ruszyla-na-dobre-kiedy-otwarcie-ile-sklepow-zdjecia\/\">Budowa parku handlowego S1 Gorz\u00f3w ruszy\u0142a na dobre! Kiedy otwarcie? Ile sklep\u00f3w? (zdj\u0119cia)<\/a><br>&#8211; <a href=\"https:\/\/gorzow.news\/index.php\/2022\/10\/05\/przebudowa-i-otwarcie-parku-handlowego-w-pawilonie-po-tesco-opozni-sie\/\">Przebudowa i otwarcie parku handlowego w pawilonie po Tesco op\u00f3\u017ani si\u0119!<\/a><br>&#8211; <a href=\"https:\/\/gorzow.news\/index.php\/2022\/07\/11\/rusza-kolejny-etap-przebudowy-pawilonu-po-tesco-bedzie-tu-park-handlowy-s1-ile-sklepow-zdjecia\/\">Rusza kolejny etap przebudowy pawilonu po Tesco. B\u0119dzie tu park handlowy S1! Ile sklep\u00f3w? (zdj\u0119cia)<\/a><br>&#8211; <a href=\"https:\/\/gorzow.news\/index.php\/2022\/03\/22\/w-budynku-po-tesco-przy-gorczynskiej-rozpoczela-sie-przebudowa-bedzie-tu-park-handlowy-kiedy-otwarcie\/\">W budynku po Tesco przy G\u00f3rczy\u0144skiej rozpocz\u0119\u0142a si\u0119 przebudowa! B\u0119dzie tu park handlowy! Kiedy otwarcie?<\/a><\/p>\n\n\n\n<p><strong>Przeczytaj te\u017c:<\/strong><br>&#8211; <a href=\"https:\/\/gorzow.news\/index.php\/2023\/01\/09\/przy-n-parku-juz-w-lutym-umyjemy-auto\/\">Przy N-Parku ju\u017c w lutym umyjemy auto<\/a><br>&#8211; <a href=\"https:\/\/gorzow.news\/index.php\/2023\/01\/02\/gorzow-power-center-ruszyla-wycinka-i-porzadkowanie-na-obszarze-ponad-14-hektarow-dzialek-pod-inwestycje-zdjecia\/\">Gorz\u00f3w Power Center: Ruszy\u0142a wycinka i porz\u0105dkowanie na obszarze ponad 14 hektar\u00f3w dzia\u0142ek pod inwestycj\u0119! (zdj\u0119cia)<\/a><br>&#8211; <a href=\"https:\/\/gorzow.news\/index.php\/2022\/12\/31\/biedronka-przy-niepodleglosci-juz-otwarta-budowa-parku-handlowego-trwa-zdjecia\/\">Biedronka przy Niepodleg\u0142o\u015bci ju\u017c otwarta! Budowa parku handlowego trwa! (zdj\u0119cia)<\/a><br>&#8211; <a href=\"https:\/\/gorzow.news\/index.php\/2022\/12\/29\/stokrotka-w-orbi-otwarta-przebudowa-zakonczona-jakie-inne-sklepy-lista-sklepow-zdjecia\/\">Stokrotka w ORBI otwarta! Przebudowa zako\u0144czona. Jakie inne sklepy? (lista sklep\u00f3w, zdj\u0119cia)<\/a><br>&#8211; <a href=\"https:\/\/gorzow.news\/index.php\/2022\/12\/14\/tlumy-na-otwarciu-carrefoura-zobacz-jak-wyglada-nowy-sklep-zdjecia\/\">T\u0142umy na otwarciu Carrefoura! Zobacz jak wygl\u0105da nowy sklep! (zdj\u0119cia)<\/a><\/p>\n\n\n\r\n                <style type=\"text\/css\">\r\n                    \r\n                    #tdi_1  .td-doubleSlider-2 .td-item1 {\r\n                        background: url(https:\/\/gorzow.news\/wp-content\/uploads\/2023\/01\/s1-1-kopia.jpg) 0 0 no-repeat;\r\n                    }\r\n                    #tdi_1  .td-doubleSlider-2 .td-item2 {\r\n                        background: url(https:\/\/gorzow.news\/wp-content\/uploads\/2023\/01\/s1-3-kopia.jpg) 0 0 no-repeat;\r\n                    }\r\n                    #tdi_1  .td-doubleSlider-2 .td-item3 {\r\n                        background: url(https:\/\/gorzow.news\/wp-content\/uploads\/2023\/01\/s1-2-kopia.jpg) 0 0 no-repeat;\r\n                    }\r\n                <\/style>\r\n\r\n                <div id=\"tdi_1\" class=\"td-gallery td-slide-on-2-columns\">\r\n                    <div class=\"post_td_gallery\">\r\n                        <div class=\"td-gallery-slide-top\">\r\n                           <div class=\"td-gallery-title\">Park handlowy S1 Gorz\u00f3w na wizualizacjach<\/div>\r\n\r\n                            <div class=\"td-gallery-controls-wrapper\">\r\n                                <div class=\"td-gallery-slide-count\"><span class=\"td-gallery-slide-item-focus\">1<\/span> z 3<\/div>\r\n                                <div class=\"td-gallery-slide-prev-next-but\">\r\n                                    <i class = \"td-icon-left doubleSliderPrevButton\"><\/i>\r\n                                    <i class = \"td-icon-right doubleSliderNextButton\"><\/i>\r\n                                <\/div>\r\n                            <\/div>\r\n                        <\/div>\r\n\r\n                        <div class = \"td-doubleSlider-1 \">\r\n                            <div class = \"td-slider\">\r\n                                \r\n                    <div class = \"td-slide-item td-item1\">\r\n                        <figure class=\"td-slide-galery-figure td-slide-popup-gallery\">\r\n                            <a class=\"slide-gallery-image-link\" href=\"https:\/\/gorzow.news\/wp-content\/uploads\/2023\/01\/s1-1-kopia.jpg\" title=\"\"  data-caption=\"\"  data-description=\"\">\r\n                                <img decoding=\"async\" src=\"https:\/\/gorzow.news\/wp-content\/uploads\/2023\/01\/s1-1-kopia.jpg\" srcset=\"https:\/\/gorzow.news\/wp-content\/uploads\/2023\/01\/s1-1-kopia.jpg 1600w, https:\/\/gorzow.news\/wp-content\/uploads\/2023\/01\/s1-1-kopia-300x89.jpg 300w, https:\/\/gorzow.news\/wp-content\/uploads\/2023\/01\/s1-1-kopia-1024x304.jpg 1024w, https:\/\/gorzow.news\/wp-content\/uploads\/2023\/01\/s1-1-kopia-768x228.jpg 768w, https:\/\/gorzow.news\/wp-content\/uploads\/2023\/01\/s1-1-kopia-1536x456.jpg 1536w, https:\/\/gorzow.news\/wp-content\/uploads\/2023\/01\/s1-1-kopia-696x207.jpg 696w, https:\/\/gorzow.news\/wp-content\/uploads\/2023\/01\/s1-1-kopia-1068x317.jpg 1068w\" sizes=\"(max-width: 1600px) 100vw, 1600px\" alt=\"\">\r\n                            <\/a>\r\n                            \r\n                        <\/figure>\r\n                    <\/div>\r\n                    <div class = \"td-slide-item td-item2\">\r\n                        <figure class=\"td-slide-galery-figure td-slide-popup-gallery\">\r\n                            <a class=\"slide-gallery-image-link\" href=\"https:\/\/gorzow.news\/wp-content\/uploads\/2023\/01\/s1-3-kopia.jpg\" title=\"\"  data-caption=\"\"  data-description=\"\">\r\n                                <img decoding=\"async\" src=\"https:\/\/gorzow.news\/wp-content\/uploads\/2023\/01\/s1-3-kopia.jpg\" srcset=\"https:\/\/gorzow.news\/wp-content\/uploads\/2023\/01\/s1-3-kopia.jpg 1600w, https:\/\/gorzow.news\/wp-content\/uploads\/2023\/01\/s1-3-kopia-300x119.jpg 300w, https:\/\/gorzow.news\/wp-content\/uploads\/2023\/01\/s1-3-kopia-1024x407.jpg 1024w, https:\/\/gorzow.news\/wp-content\/uploads\/2023\/01\/s1-3-kopia-768x305.jpg 768w, https:\/\/gorzow.news\/wp-content\/uploads\/2023\/01\/s1-3-kopia-1536x611.jpg 1536w, https:\/\/gorzow.news\/wp-content\/uploads\/2023\/01\/s1-3-kopia-696x277.jpg 696w, https:\/\/gorzow.news\/wp-content\/uploads\/2023\/01\/s1-3-kopia-1068x425.jpg 1068w\" sizes=\"(max-width: 1600px) 100vw, 1600px\" alt=\"\">\r\n                            <\/a>\r\n                            \r\n                        <\/figure>\r\n                    <\/div>\r\n                    <div class = \"td-slide-item td-item3\">\r\n                        <figure class=\"td-slide-galery-figure td-slide-popup-gallery\">\r\n                            <a class=\"slide-gallery-image-link\" href=\"https:\/\/gorzow.news\/wp-content\/uploads\/2023\/01\/s1-2-kopia.jpg\" title=\"\"  data-caption=\"Tak ma wygl\u0105da\u0107 park handlowy S1 przy ul, G\u00f3rczy\u0144skiej w pawilonie po Tesco.\"  data-description=\"\">\r\n                                <img decoding=\"async\" src=\"https:\/\/gorzow.news\/wp-content\/uploads\/2023\/01\/s1-2-kopia.jpg\" srcset=\"https:\/\/gorzow.news\/wp-content\/uploads\/2023\/01\/s1-2-kopia.jpg 1600w, https:\/\/gorzow.news\/wp-content\/uploads\/2023\/01\/s1-2-kopia-300x118.jpg 300w, https:\/\/gorzow.news\/wp-content\/uploads\/2023\/01\/s1-2-kopia-1024x403.jpg 1024w, https:\/\/gorzow.news\/wp-content\/uploads\/2023\/01\/s1-2-kopia-768x302.jpg 768w, https:\/\/gorzow.news\/wp-content\/uploads\/2023\/01\/s1-2-kopia-1536x604.jpg 1536w, https:\/\/gorzow.news\/wp-content\/uploads\/2023\/01\/s1-2-kopia-696x274.jpg 696w, https:\/\/gorzow.news\/wp-content\/uploads\/2023\/01\/s1-2-kopia-1068x420.jpg 1068w\" sizes=\"(max-width: 1600px) 100vw, 1600px\" alt=\"\">\r\n                            <\/a>\r\n                            <figcaption class = \"td-slide-caption td-gallery-slide-content\"><div class = \"td-gallery-slide-copywrite\">Tak ma wygl\u0105da\u0107 park handlowy S1 przy ul, G\u00f3rczy\u0144skiej w pawilonie po Tesco.<\/div><\/figcaption>\r\n                        <\/figure>\r\n                    <\/div>\r\n                            <\/div>\r\n                        <\/div>\r\n\r\n                        <div class = \"td-doubleSlider-2\">\r\n                            <div class = \"td-slider\">\r\n                                \r\n                    <div class = \"td-button td-item1\">\r\n                        <div class = \"td-border\"><\/div>\r\n                    <\/div>\r\n                    <div class = \"td-button td-item2\">\r\n                        <div class = \"td-border\"><\/div>\r\n                    <\/div>\r\n                    <div class = \"td-button td-item3\">\r\n                        <div class = \"td-border\"><\/div>\r\n                    <\/div>\r\n                            <\/div>\r\n                        <\/div>\r\n\r\n                    <\/div>\r\n\r\n                <\/div>\r\n                ","protected":false},"excerpt":{"rendered":"<p>Od listopada trwa przebudowa pawilonu po Tesco przy ul. G\u00f3rczy\u0144skiej. W czwartym kwartale tego roku zostanie tu uruchomiony park handlowy S1 Gorz\u00f3w. Jego najwi\u0119kszym najemc\u0105 zosta\u0107 ma Carrefour, kt\u00f3ry w grudniu ubieg\u0142ego roku uruchomi\u0142 w mie\u015bcie sw\u00f3j pierwszy market. Jak du\u017cy b\u0119dzie sklep przy G\u00f3rczy\u0144skiej? Jak b\u0119dzie wygl\u0105da\u0142 park handlowy? Sprawdzili\u015bmy!<\/p>\n","protected":false},"author":1,"featured_media":11114,"comment_status":"open","ping_status":"open","sticky":false,"template":"","format":"standard","meta":{"footnotes":"","_links_to":"","_links_to_target":""},"categories":[2016,1624,589],"tags":[1808,112,1118,97,110,1524,1119,111],"class_list":{"0":"post-11112","1":"post","2":"type-post","3":"status-publish","4":"format-standard","5":"has-post-thumbnail","7":"category-gorczyn","8":"category-inwestycje-handlowe","9":"category-wiadomosci","10":"tag-carrefour","11":"tag-gorczynska","12":"tag-jacek-zagrabski","13":"tag-nova-park","14":"tag-park-handlowy","15":"tag-s1-gorzow","16":"tag-saller-group","17":"tag-tesco"},"yoast_head":"<!-- This site is optimized with the Yoast SEO plugin v27.3 - https:\/\/yoast.com\/product\/yoast-seo-wordpress\/ -->\n<title>Wiemy jak ma wygl\u0105da\u0107 park handlowy S1 Gorz\u00f3w w pawilonie po Tesco! Sprawdzili\u015bmy te\u017c, jak du\u017cy b\u0119dzie tu Carrefour! (wizualizacje) - Gorz\u00f3w News<\/title>\n<meta name=\"description\" content=\"Od listopada trwa przebudowa pawilonu po Tesco przy ul. G\u00f3rczy\u0144skiej. W czwartym kwartale tego roku zostanie tu uruchomiony park handlowy S1 Gorz\u00f3w\" \/>\n<meta name=\"robots\" content=\"index, follow, max-snippet:-1, max-image-preview:large, max-video-preview:-1\" \/>\n<link rel=\"canonical\" href=\"https:\/\/gorzow.news\/index.php\/2023\/01\/11\/wiemy-jak-ma-wygladac-park-handlowy-s1-gorzow-w-pawilonie-po-tesco-sprawdzilismy-tez-jak-duzy-bedzie-tu-carrefour-wizualizacje\/\" \/>\n<meta property=\"og:locale\" content=\"pl_PL\" \/>\n<meta property=\"og:type\" content=\"article\" \/>\n<meta property=\"og:title\" content=\"Wiemy jak ma wygl\u0105da\u0107 park handlowy S1 Gorz\u00f3w w pawilonie po Tesco! Sprawdzili\u015bmy te\u017c, jak du\u017cy b\u0119dzie tu Carrefour! (wizualizacje) - Gorz\u00f3w News\" \/>\n<meta property=\"og:description\" content=\"Od listopada trwa przebudowa pawilonu po Tesco przy ul. G\u00f3rczy\u0144skiej. W czwartym kwartale tego roku zostanie tu uruchomiony park handlowy S1 Gorz\u00f3w\" \/>\n<meta property=\"og:url\" content=\"https:\/\/gorzow.news\/index.php\/2023\/01\/11\/wiemy-jak-ma-wygladac-park-handlowy-s1-gorzow-w-pawilonie-po-tesco-sprawdzilismy-tez-jak-duzy-bedzie-tu-carrefour-wizualizacje\/\" \/>\n<meta property=\"og:site_name\" content=\"Gorz\u00f3w News\" \/>\n<meta property=\"article:publisher\" content=\"https:\/\/www.facebook.com\/gorzowskinews\" \/>\n<meta property=\"article:published_time\" content=\"2023-01-11T08:08:15+00:00\" \/>\n<meta property=\"article:modified_time\" content=\"2023-03-04T13:24:36+00:00\" \/>\n<meta property=\"og:image\" content=\"https:\/\/gorzow.news\/wp-content\/uploads\/2023\/01\/s1-2-kopia.jpg?v=1673398812\" \/>\n\t<meta property=\"og:image:width\" content=\"1600\" \/>\n\t<meta property=\"og:image:height\" content=\"629\" \/>\n\t<meta property=\"og:image:type\" content=\"image\/jpeg\" \/>\n<meta name=\"author\" content=\"maciej\" \/>\n<meta name=\"twitter:card\" content=\"summary_large_image\" \/>\n<meta name=\"twitter:label1\" content=\"Napisane przez\" \/>\n\t<meta name=\"twitter:data1\" content=\"maciej\" \/>\n\t<meta name=\"twitter:label2\" content=\"Szacowany czas czytania\" \/>\n\t<meta name=\"twitter:data2\" content=\"6 minut\" \/>\n<script type=\"application\/ld+json\" class=\"yoast-schema-graph\">{\"@context\":\"https:\\\/\\\/schema.org\",\"@graph\":[{\"@type\":\"Article\",\"@id\":\"https:\\\/\\\/gorzow.news\\\/index.php\\\/2023\\\/01\\\/11\\\/wiemy-jak-ma-wygladac-park-handlowy-s1-gorzow-w-pawilonie-po-tesco-sprawdzilismy-tez-jak-duzy-bedzie-tu-carrefour-wizualizacje\\\/#article\",\"isPartOf\":{\"@id\":\"https:\\\/\\\/gorzow.news\\\/index.php\\\/2023\\\/01\\\/11\\\/wiemy-jak-ma-wygladac-park-handlowy-s1-gorzow-w-pawilonie-po-tesco-sprawdzilismy-tez-jak-duzy-bedzie-tu-carrefour-wizualizacje\\\/\"},\"author\":{\"name\":\"maciej\",\"@id\":\"https:\\\/\\\/gorzow.news\\\/#\\\/schema\\\/person\\\/a1e5ab43166369f2ce236a1cd90995bb\"},\"headline\":\"Wiemy jak ma wygl\u0105da\u0107 park handlowy S1 Gorz\u00f3w w pawilonie po Tesco! Sprawdzili\u015bmy te\u017c, jak du\u017cy b\u0119dzie tu Carrefour! (wizualizacje)\",\"datePublished\":\"2023-01-11T08:08:15+00:00\",\"dateModified\":\"2023-03-04T13:24:36+00:00\",\"mainEntityOfPage\":{\"@id\":\"https:\\\/\\\/gorzow.news\\\/index.php\\\/2023\\\/01\\\/11\\\/wiemy-jak-ma-wygladac-park-handlowy-s1-gorzow-w-pawilonie-po-tesco-sprawdzilismy-tez-jak-duzy-bedzie-tu-carrefour-wizualizacje\\\/\"},\"wordCount\":1092,\"commentCount\":2,\"image\":{\"@id\":\"https:\\\/\\\/gorzow.news\\\/index.php\\\/2023\\\/01\\\/11\\\/wiemy-jak-ma-wygladac-park-handlowy-s1-gorzow-w-pawilonie-po-tesco-sprawdzilismy-tez-jak-duzy-bedzie-tu-carrefour-wizualizacje\\\/#primaryimage\"},\"thumbnailUrl\":\"https:\\\/\\\/gorzow.news\\\/wp-content\\\/uploads\\\/2023\\\/01\\\/s1-2-kopia.jpg\",\"keywords\":[\"Carrefour\",\"G\u00f3rczy\u0144ska\",\"Jacek Zagrabski\",\"Nova Park\",\"park handlowy\",\"S1 Gorz\u00f3w\",\"Saller Group\",\"Tesco\"],\"articleSection\":[\"G\u00f3rczyn\",\"Inwestycje handlowe\",\"Wiadomo\u015bci\"],\"inLanguage\":\"pl-PL\",\"potentialAction\":[{\"@type\":\"CommentAction\",\"name\":\"Comment\",\"target\":[\"https:\\\/\\\/gorzow.news\\\/index.php\\\/2023\\\/01\\\/11\\\/wiemy-jak-ma-wygladac-park-handlowy-s1-gorzow-w-pawilonie-po-tesco-sprawdzilismy-tez-jak-duzy-bedzie-tu-carrefour-wizualizacje\\\/#respond\"]}]},{\"@type\":\"WebPage\",\"@id\":\"https:\\\/\\\/gorzow.news\\\/index.php\\\/2023\\\/01\\\/11\\\/wiemy-jak-ma-wygladac-park-handlowy-s1-gorzow-w-pawilonie-po-tesco-sprawdzilismy-tez-jak-duzy-bedzie-tu-carrefour-wizualizacje\\\/\",\"url\":\"https:\\\/\\\/gorzow.news\\\/index.php\\\/2023\\\/01\\\/11\\\/wiemy-jak-ma-wygladac-park-handlowy-s1-gorzow-w-pawilonie-po-tesco-sprawdzilismy-tez-jak-duzy-bedzie-tu-carrefour-wizualizacje\\\/\",\"name\":\"Wiemy jak ma wygl\u0105da\u0107 park handlowy S1 Gorz\u00f3w w pawilonie po Tesco! Sprawdzili\u015bmy te\u017c, jak du\u017cy b\u0119dzie tu Carrefour! (wizualizacje) - Gorz\u00f3w News\",\"isPartOf\":{\"@id\":\"https:\\\/\\\/gorzow.news\\\/#website\"},\"primaryImageOfPage\":{\"@id\":\"https:\\\/\\\/gorzow.news\\\/index.php\\\/2023\\\/01\\\/11\\\/wiemy-jak-ma-wygladac-park-handlowy-s1-gorzow-w-pawilonie-po-tesco-sprawdzilismy-tez-jak-duzy-bedzie-tu-carrefour-wizualizacje\\\/#primaryimage\"},\"image\":{\"@id\":\"https:\\\/\\\/gorzow.news\\\/index.php\\\/2023\\\/01\\\/11\\\/wiemy-jak-ma-wygladac-park-handlowy-s1-gorzow-w-pawilonie-po-tesco-sprawdzilismy-tez-jak-duzy-bedzie-tu-carrefour-wizualizacje\\\/#primaryimage\"},\"thumbnailUrl\":\"https:\\\/\\\/gorzow.news\\\/wp-content\\\/uploads\\\/2023\\\/01\\\/s1-2-kopia.jpg\",\"datePublished\":\"2023-01-11T08:08:15+00:00\",\"dateModified\":\"2023-03-04T13:24:36+00:00\",\"author\":{\"@id\":\"https:\\\/\\\/gorzow.news\\\/#\\\/schema\\\/person\\\/a1e5ab43166369f2ce236a1cd90995bb\"},\"description\":\"Od listopada trwa przebudowa pawilonu po Tesco przy ul. G\u00f3rczy\u0144skiej. W czwartym kwartale tego roku zostanie tu uruchomiony park handlowy S1 Gorz\u00f3w. Jego najwi\u0119kszym najemc\u0105 zosta\u0107 ma Carrefour, kt\u00f3ry w grudniu ubieg\u0142ego roku uruchomi\u0142 w mie\u015bcie sw\u00f3j pierwszy market. Jak du\u017cy b\u0119dzie sklep przy G\u00f3rczy\u0144skiej? Jak b\u0119dzie wygl\u0105da\u0142 park handlowy? Sprawdzili\u015bmy!\",\"breadcrumb\":{\"@id\":\"https:\\\/\\\/gorzow.news\\\/index.php\\\/2023\\\/01\\\/11\\\/wiemy-jak-ma-wygladac-park-handlowy-s1-gorzow-w-pawilonie-po-tesco-sprawdzilismy-tez-jak-duzy-bedzie-tu-carrefour-wizualizacje\\\/#breadcrumb\"},\"inLanguage\":\"pl-PL\",\"potentialAction\":[{\"@type\":\"ReadAction\",\"target\":[\"https:\\\/\\\/gorzow.news\\\/index.php\\\/2023\\\/01\\\/11\\\/wiemy-jak-ma-wygladac-park-handlowy-s1-gorzow-w-pawilonie-po-tesco-sprawdzilismy-tez-jak-duzy-bedzie-tu-carrefour-wizualizacje\\\/\"]}]},{\"@type\":\"ImageObject\",\"inLanguage\":\"pl-PL\",\"@id\":\"https:\\\/\\\/gorzow.news\\\/index.php\\\/2023\\\/01\\\/11\\\/wiemy-jak-ma-wygladac-park-handlowy-s1-gorzow-w-pawilonie-po-tesco-sprawdzilismy-tez-jak-duzy-bedzie-tu-carrefour-wizualizacje\\\/#primaryimage\",\"url\":\"https:\\\/\\\/gorzow.news\\\/wp-content\\\/uploads\\\/2023\\\/01\\\/s1-2-kopia.jpg\",\"contentUrl\":\"https:\\\/\\\/gorzow.news\\\/wp-content\\\/uploads\\\/2023\\\/01\\\/s1-2-kopia.jpg\",\"width\":1600,\"height\":629,\"caption\":\"Tak ma wygl\u0105da\u0107 park handlowy S1 przy ul, G\u00f3rczy\u0144skiej w pawilonie po Tesco.\"},{\"@type\":\"BreadcrumbList\",\"@id\":\"https:\\\/\\\/gorzow.news\\\/index.php\\\/2023\\\/01\\\/11\\\/wiemy-jak-ma-wygladac-park-handlowy-s1-gorzow-w-pawilonie-po-tesco-sprawdzilismy-tez-jak-duzy-bedzie-tu-carrefour-wizualizacje\\\/#breadcrumb\",\"itemListElement\":[{\"@type\":\"ListItem\",\"position\":1,\"name\":\"Home\",\"item\":\"https:\\\/\\\/gorzow.news\\\/\"},{\"@type\":\"ListItem\",\"position\":2,\"name\":\"Wiemy jak ma wygl\u0105da\u0107 park handlowy S1 Gorz\u00f3w w pawilonie po Tesco! Sprawdzili\u015bmy te\u017c, jak du\u017cy b\u0119dzie tu Carrefour! (wizualizacje)\"}]},{\"@type\":\"WebSite\",\"@id\":\"https:\\\/\\\/gorzow.news\\\/#website\",\"url\":\"https:\\\/\\\/gorzow.news\\\/\",\"name\":\"Gorz\u00f3w News\",\"description\":\"Sp\u00f3jrz inaczej na miato i region...\",\"potentialAction\":[{\"@type\":\"SearchAction\",\"target\":{\"@type\":\"EntryPoint\",\"urlTemplate\":\"https:\\\/\\\/gorzow.news\\\/?s={search_term_string}\"},\"query-input\":{\"@type\":\"PropertyValueSpecification\",\"valueRequired\":true,\"valueName\":\"search_term_string\"}}],\"inLanguage\":\"pl-PL\"},{\"@type\":\"Person\",\"@id\":\"https:\\\/\\\/gorzow.news\\\/#\\\/schema\\\/person\\\/a1e5ab43166369f2ce236a1cd90995bb\",\"name\":\"maciej\",\"image\":{\"@type\":\"ImageObject\",\"inLanguage\":\"pl-PL\",\"@id\":\"https:\\\/\\\/secure.gravatar.com\\\/avatar\\\/530a674d56ba60cfa0ef21d74e8e8d123a51bb7aa6580465b5c2ab2c2e980a19?s=96&r=g&d=https:\\\/\\\/gorzow.news\\\/wp-content\\\/plugins\\\/userswp\\\/assets\\\/images\\\/no_profile.png\",\"url\":\"https:\\\/\\\/secure.gravatar.com\\\/avatar\\\/530a674d56ba60cfa0ef21d74e8e8d123a51bb7aa6580465b5c2ab2c2e980a19?s=96&r=g&d=https:\\\/\\\/gorzow.news\\\/wp-content\\\/plugins\\\/userswp\\\/assets\\\/images\\\/no_profile.png\",\"contentUrl\":\"https:\\\/\\\/secure.gravatar.com\\\/avatar\\\/530a674d56ba60cfa0ef21d74e8e8d123a51bb7aa6580465b5c2ab2c2e980a19?s=96&r=g&d=https:\\\/\\\/gorzow.news\\\/wp-content\\\/plugins\\\/userswp\\\/assets\\\/images\\\/no_profile.png\",\"caption\":\"maciej\"},\"url\":\"https:\\\/\\\/gorzow.news\\\/index.php\\\/profile\\\/maciej\\\/\"}]}<\/script>\n<!-- \/ Yoast SEO plugin. -->","yoast_head_json":{"title":"Wiemy jak ma wygl\u0105da\u0107 park handlowy S1 Gorz\u00f3w w pawilonie po Tesco! Sprawdzili\u015bmy te\u017c, jak du\u017cy b\u0119dzie tu Carrefour! (wizualizacje) - Gorz\u00f3w News","description":"Od listopada trwa przebudowa pawilonu po Tesco przy ul. G\u00f3rczy\u0144skiej. W czwartym kwartale tego roku zostanie tu uruchomiony park handlowy S1 Gorz\u00f3w","robots":{"index":"index","follow":"follow","max-snippet":"max-snippet:-1","max-image-preview":"max-image-preview:large","max-video-preview":"max-video-preview:-1"},"canonical":"https:\/\/gorzow.news\/index.php\/2023\/01\/11\/wiemy-jak-ma-wygladac-park-handlowy-s1-gorzow-w-pawilonie-po-tesco-sprawdzilismy-tez-jak-duzy-bedzie-tu-carrefour-wizualizacje\/","og_locale":"pl_PL","og_type":"article","og_title":"Wiemy jak ma wygl\u0105da\u0107 park handlowy S1 Gorz\u00f3w w pawilonie po Tesco! Sprawdzili\u015bmy te\u017c, jak du\u017cy b\u0119dzie tu Carrefour! (wizualizacje) - Gorz\u00f3w News","og_description":"Od listopada trwa przebudowa pawilonu po Tesco przy ul. G\u00f3rczy\u0144skiej. W czwartym kwartale tego roku zostanie tu uruchomiony park handlowy S1 Gorz\u00f3w","og_url":"https:\/\/gorzow.news\/index.php\/2023\/01\/11\/wiemy-jak-ma-wygladac-park-handlowy-s1-gorzow-w-pawilonie-po-tesco-sprawdzilismy-tez-jak-duzy-bedzie-tu-carrefour-wizualizacje\/","og_site_name":"Gorz\u00f3w News","article_publisher":"https:\/\/www.facebook.com\/gorzowskinews","article_published_time":"2023-01-11T08:08:15+00:00","article_modified_time":"2023-03-04T13:24:36+00:00","og_image":[{"width":1600,"height":629,"url":"https:\/\/gorzow.news\/wp-content\/uploads\/2023\/01\/s1-2-kopia.jpg?v=1673398812","type":"image\/jpeg"}],"author":"maciej","twitter_card":"summary_large_image","twitter_misc":{"Napisane przez":"maciej","Szacowany czas czytania":"6 minut"},"schema":{"@context":"https:\/\/schema.org","@graph":[{"@type":"Article","@id":"https:\/\/gorzow.news\/index.php\/2023\/01\/11\/wiemy-jak-ma-wygladac-park-handlowy-s1-gorzow-w-pawilonie-po-tesco-sprawdzilismy-tez-jak-duzy-bedzie-tu-carrefour-wizualizacje\/#article","isPartOf":{"@id":"https:\/\/gorzow.news\/index.php\/2023\/01\/11\/wiemy-jak-ma-wygladac-park-handlowy-s1-gorzow-w-pawilonie-po-tesco-sprawdzilismy-tez-jak-duzy-bedzie-tu-carrefour-wizualizacje\/"},"author":{"name":"maciej","@id":"https:\/\/gorzow.news\/#\/schema\/person\/a1e5ab43166369f2ce236a1cd90995bb"},"headline":"Wiemy jak ma wygl\u0105da\u0107 park handlowy S1 Gorz\u00f3w w pawilonie po Tesco! Sprawdzili\u015bmy te\u017c, jak du\u017cy b\u0119dzie tu Carrefour! (wizualizacje)","datePublished":"2023-01-11T08:08:15+00:00","dateModified":"2023-03-04T13:24:36+00:00","mainEntityOfPage":{"@id":"https:\/\/gorzow.news\/index.php\/2023\/01\/11\/wiemy-jak-ma-wygladac-park-handlowy-s1-gorzow-w-pawilonie-po-tesco-sprawdzilismy-tez-jak-duzy-bedzie-tu-carrefour-wizualizacje\/"},"wordCount":1092,"commentCount":2,"image":{"@id":"https:\/\/gorzow.news\/index.php\/2023\/01\/11\/wiemy-jak-ma-wygladac-park-handlowy-s1-gorzow-w-pawilonie-po-tesco-sprawdzilismy-tez-jak-duzy-bedzie-tu-carrefour-wizualizacje\/#primaryimage"},"thumbnailUrl":"https:\/\/gorzow.news\/wp-content\/uploads\/2023\/01\/s1-2-kopia.jpg","keywords":["Carrefour","G\u00f3rczy\u0144ska","Jacek Zagrabski","Nova Park","park handlowy","S1 Gorz\u00f3w","Saller Group","Tesco"],"articleSection":["G\u00f3rczyn","Inwestycje handlowe","Wiadomo\u015bci"],"inLanguage":"pl-PL","potentialAction":[{"@type":"CommentAction","name":"Comment","target":["https:\/\/gorzow.news\/index.php\/2023\/01\/11\/wiemy-jak-ma-wygladac-park-handlowy-s1-gorzow-w-pawilonie-po-tesco-sprawdzilismy-tez-jak-duzy-bedzie-tu-carrefour-wizualizacje\/#respond"]}]},{"@type":"WebPage","@id":"https:\/\/gorzow.news\/index.php\/2023\/01\/11\/wiemy-jak-ma-wygladac-park-handlowy-s1-gorzow-w-pawilonie-po-tesco-sprawdzilismy-tez-jak-duzy-bedzie-tu-carrefour-wizualizacje\/","url":"https:\/\/gorzow.news\/index.php\/2023\/01\/11\/wiemy-jak-ma-wygladac-park-handlowy-s1-gorzow-w-pawilonie-po-tesco-sprawdzilismy-tez-jak-duzy-bedzie-tu-carrefour-wizualizacje\/","name":"Wiemy jak ma wygl\u0105da\u0107 park handlowy S1 Gorz\u00f3w w pawilonie po Tesco! Sprawdzili\u015bmy te\u017c, jak du\u017cy b\u0119dzie tu Carrefour! (wizualizacje) - Gorz\u00f3w News","isPartOf":{"@id":"https:\/\/gorzow.news\/#website"},"primaryImageOfPage":{"@id":"https:\/\/gorzow.news\/index.php\/2023\/01\/11\/wiemy-jak-ma-wygladac-park-handlowy-s1-gorzow-w-pawilonie-po-tesco-sprawdzilismy-tez-jak-duzy-bedzie-tu-carrefour-wizualizacje\/#primaryimage"},"image":{"@id":"https:\/\/gorzow.news\/index.php\/2023\/01\/11\/wiemy-jak-ma-wygladac-park-handlowy-s1-gorzow-w-pawilonie-po-tesco-sprawdzilismy-tez-jak-duzy-bedzie-tu-carrefour-wizualizacje\/#primaryimage"},"thumbnailUrl":"https:\/\/gorzow.news\/wp-content\/uploads\/2023\/01\/s1-2-kopia.jpg","datePublished":"2023-01-11T08:08:15+00:00","dateModified":"2023-03-04T13:24:36+00:00","author":{"@id":"https:\/\/gorzow.news\/#\/schema\/person\/a1e5ab43166369f2ce236a1cd90995bb"},"description":"Od listopada trwa przebudowa pawilonu po Tesco przy ul. G\u00f3rczy\u0144skiej. W czwartym kwartale tego roku zostanie tu uruchomiony park handlowy S1 Gorz\u00f3w. Jego najwi\u0119kszym najemc\u0105 zosta\u0107 ma Carrefour, kt\u00f3ry w grudniu ubieg\u0142ego roku uruchomi\u0142 w mie\u015bcie sw\u00f3j pierwszy market. Jak du\u017cy b\u0119dzie sklep przy G\u00f3rczy\u0144skiej? Jak b\u0119dzie wygl\u0105da\u0142 park handlowy? Sprawdzili\u015bmy!","breadcrumb":{"@id":"https:\/\/gorzow.news\/index.php\/2023\/01\/11\/wiemy-jak-ma-wygladac-park-handlowy-s1-gorzow-w-pawilonie-po-tesco-sprawdzilismy-tez-jak-duzy-bedzie-tu-carrefour-wizualizacje\/#breadcrumb"},"inLanguage":"pl-PL","potentialAction":[{"@type":"ReadAction","target":["https:\/\/gorzow.news\/index.php\/2023\/01\/11\/wiemy-jak-ma-wygladac-park-handlowy-s1-gorzow-w-pawilonie-po-tesco-sprawdzilismy-tez-jak-duzy-bedzie-tu-carrefour-wizualizacje\/"]}]},{"@type":"ImageObject","inLanguage":"pl-PL","@id":"https:\/\/gorzow.news\/index.php\/2023\/01\/11\/wiemy-jak-ma-wygladac-park-handlowy-s1-gorzow-w-pawilonie-po-tesco-sprawdzilismy-tez-jak-duzy-bedzie-tu-carrefour-wizualizacje\/#primaryimage","url":"https:\/\/gorzow.news\/wp-content\/uploads\/2023\/01\/s1-2-kopia.jpg","contentUrl":"https:\/\/gorzow.news\/wp-content\/uploads\/2023\/01\/s1-2-kopia.jpg","width":1600,"height":629,"caption":"Tak ma wygl\u0105da\u0107 park handlowy S1 przy ul, G\u00f3rczy\u0144skiej w pawilonie po Tesco."},{"@type":"BreadcrumbList","@id":"https:\/\/gorzow.news\/index.php\/2023\/01\/11\/wiemy-jak-ma-wygladac-park-handlowy-s1-gorzow-w-pawilonie-po-tesco-sprawdzilismy-tez-jak-duzy-bedzie-tu-carrefour-wizualizacje\/#breadcrumb","itemListElement":[{"@type":"ListItem","position":1,"name":"Home","item":"https:\/\/gorzow.news\/"},{"@type":"ListItem","position":2,"name":"Wiemy jak ma wygl\u0105da\u0107 park handlowy S1 Gorz\u00f3w w pawilonie po Tesco! Sprawdzili\u015bmy te\u017c, jak du\u017cy b\u0119dzie tu Carrefour! (wizualizacje)"}]},{"@type":"WebSite","@id":"https:\/\/gorzow.news\/#website","url":"https:\/\/gorzow.news\/","name":"Gorz\u00f3w News","description":"Sp\u00f3jrz inaczej na miato i region...","potentialAction":[{"@type":"SearchAction","target":{"@type":"EntryPoint","urlTemplate":"https:\/\/gorzow.news\/?s={search_term_string}"},"query-input":{"@type":"PropertyValueSpecification","valueRequired":true,"valueName":"search_term_string"}}],"inLanguage":"pl-PL"},{"@type":"Person","@id":"https:\/\/gorzow.news\/#\/schema\/person\/a1e5ab43166369f2ce236a1cd90995bb","name":"maciej","image":{"@type":"ImageObject","inLanguage":"pl-PL","@id":"https:\/\/secure.gravatar.com\/avatar\/530a674d56ba60cfa0ef21d74e8e8d123a51bb7aa6580465b5c2ab2c2e980a19?s=96&r=g&d=https:\/\/gorzow.news\/wp-content\/plugins\/userswp\/assets\/images\/no_profile.png","url":"https:\/\/secure.gravatar.com\/avatar\/530a674d56ba60cfa0ef21d74e8e8d123a51bb7aa6580465b5c2ab2c2e980a19?s=96&r=g&d=https:\/\/gorzow.news\/wp-content\/plugins\/userswp\/assets\/images\/no_profile.png","contentUrl":"https:\/\/secure.gravatar.com\/avatar\/530a674d56ba60cfa0ef21d74e8e8d123a51bb7aa6580465b5c2ab2c2e980a19?s=96&r=g&d=https:\/\/gorzow.news\/wp-content\/plugins\/userswp\/assets\/images\/no_profile.png","caption":"maciej"},"url":"https:\/\/gorzow.news\/index.php\/profile\/maciej\/"}]}},"_links":{"self":[{"href":"https:\/\/gorzow.news\/index.php\/wp-json\/wp\/v2\/posts\/11112","targetHints":{"allow":["GET"]}}],"collection":[{"href":"https:\/\/gorzow.news\/index.php\/wp-json\/wp\/v2\/posts"}],"about":[{"href":"https:\/\/gorzow.news\/index.php\/wp-json\/wp\/v2\/types\/post"}],"author":[{"embeddable":true,"href":"https:\/\/gorzow.news\/index.php\/wp-json\/wp\/v2\/users\/1"}],"replies":[{"embeddable":true,"href":"https:\/\/gorzow.news\/index.php\/wp-json\/wp\/v2\/comments?post=11112"}],"version-history":[{"count":0,"href":"https:\/\/gorzow.news\/index.php\/wp-json\/wp\/v2\/posts\/11112\/revisions"}],"wp:featuredmedia":[{"embeddable":true,"href":"https:\/\/gorzow.news\/index.php\/wp-json\/wp\/v2\/media\/11114"}],"wp:attachment":[{"href":"https:\/\/gorzow.news\/index.php\/wp-json\/wp\/v2\/media?parent=11112"}],"wp:term":[{"taxonomy":"category","embeddable":true,"href":"https:\/\/gorzow.news\/index.php\/wp-json\/wp\/v2\/categories?post=11112"},{"taxonomy":"post_tag","embeddable":true,"href":"https:\/\/gorzow.news\/index.php\/wp-json\/wp\/v2\/tags?post=11112"}],"curies":[{"name":"wp","href":"https:\/\/api.w.org\/{rel}","templated":true}]}}