{"id":11095,"date":"2023-01-09T12:18:54","date_gmt":"2023-01-09T11:18:54","guid":{"rendered":"https:\/\/gorzow.news\/?p=11095"},"modified":"2023-03-04T14:25:53","modified_gmt":"2023-03-04T13:25:53","slug":"przy-n-parku-juz-w-lutym-umyjemy-auto","status":"publish","type":"post","link":"https:\/\/gorzow.news\/index.php\/2023\/01\/09\/przy-n-parku-juz-w-lutym-umyjemy-auto\/","title":{"rendered":"Przy N-Parku ju\u017c w lutym umyjemy auto"},"content":{"rendered":"\n<p><strong>W listopadzie ubieg\u0142ego roku ruszy\u0142y prace przy budowie bezdotykowej myjni samochodowej tu\u017c obok parku handlowego N-Park przy ul. Chemicznej. Myjnia powstaje na cz\u0119\u015bci sporej dzia\u0142ki nale\u017c\u0105cej do N-Parku przy skrzy\u017cowaniu ul. Pomorskiej i Chemicznej. Na ten moment nie wiadomo jeszcze co powstanie na pozosta\u0142ym terenie.<\/strong><\/p>\n\n\n\n<p>&#8211; P\u0142yta betonowa pod myjni\u0119 b\u0119dzie zalewana jutro. Znajd\u0105 si\u0119 tutaj cztery stanowiska do mycia samochod\u00f3w. Otwarcie planujemy w okolicach po\u0142owy lutego &#8211; m\u00f3wi\u0142a nam dzi\u015b <strong>Monika Pasterak<\/strong> z biura wykonawcy, firmy RedConst.<\/p>\n\n\n\n<figure class=\"wp-block-image size-large\"><img loading=\"lazy\" decoding=\"async\" width=\"1024\" height=\"540\" src=\"https:\/\/gorzow.news\/wp-content\/uploads\/2023\/01\/st4_w4_skos-1024x540.jpg\" alt=\"\" class=\"wp-image-11099\" srcset=\"https:\/\/gorzow.news\/wp-content\/uploads\/2023\/01\/st4_w4_skos-1024x540.jpg 1024w, https:\/\/gorzow.news\/wp-content\/uploads\/2023\/01\/st4_w4_skos-300x158.jpg 300w, https:\/\/gorzow.news\/wp-content\/uploads\/2023\/01\/st4_w4_skos-768x405.jpg 768w, https:\/\/gorzow.news\/wp-content\/uploads\/2023\/01\/st4_w4_skos-1536x810.jpg 1536w, https:\/\/gorzow.news\/wp-content\/uploads\/2023\/01\/st4_w4_skos-696x367.jpg 696w, https:\/\/gorzow.news\/wp-content\/uploads\/2023\/01\/st4_w4_skos-1068x563.jpg 1068w, https:\/\/gorzow.news\/wp-content\/uploads\/2023\/01\/st4_w4_skos.jpg 1600w\" sizes=\"auto, (max-width: 1024px) 100vw, 1024px\" \/><figcaption class=\"wp-element-caption\">Tak ma wygl\u0105da\u0107 myjnia bezdotykowa przy N-Parku. Zmianie mo\u017ce jeszcze ulec kolorystyka. fot. RedConst<\/figcaption><\/figure>\n\n\n\n<p>Park handlowy N-Park zosta\u0142 uruchomiony w pa\u017adzierniku 2021 roku. Znajduje si\u0119 tutaj 13. sklep\u00f3w o \u0142\u0105cznej powierzchni 6.300 mkw. Do g\u0142\u00f3wnych najemc\u00f3w nale\u017c\u0105 Biedronka, Pepco, Dealz, Sinsay, KiK, TEDi i RTV Euro AGD. Myjnia samochodowa w tym miejscu znajdowa\u0142a si\u0119 w tym miejscu od samego pocz\u0105tku inwestycji. Co zostanie wybudowane w dalszej cz\u0119\u015bci dzia\u0142ki &#8211; bli\u017cej ul. Pomorskiej w tym momencie jeszcze trudno okre\u015bli\u0107. &#8211; Rozbudowa N-Parku w Gorzowie przy\u00a0ul. Chemicznej\u00a0jest procesem d\u0142ugoterminowym i rozpatrywane s\u0105 r\u00f3\u017cne warianty i koncepcje rozwoju. Ostateczna decyzja to wypadkowa wielu element\u00f3w,\u00a0m.in. oczekiwa\u0144 rynku, mo\u017cliwo\u015bci pozyskania ciekawych partner\u00f3w i sytuacji gospodarczej w regionie. Chcieliby\u015bmy rozbudowa\u0107 inwestycj\u0119, ale pracujemy nad koncepcj\u0105 i zakomunikujemy j\u0105 gdy b\u0119dzie gotowa &#8211; m\u00f3wi nam <strong>Remigiusz Cholewicki<\/strong>, regionalny kierownik ds. zarz\u0105dzania nieruchomo\u015bciami w Napollo.<\/p>\n\n\n\n<p><strong>O mo\u017cliwym przej\u015bciu do N-Parku od strony ul. Walczaka przeczytasz tutaj:<\/strong><br>&#8211; <a href=\"https:\/\/gorzow.news\/index.php\/2022\/11\/24\/n-park-przy-chemicznej-prace-budowlane-czas-na-rozbudowe-przejscie-od-walczaka-zdjecia\/\">N-Park przy Chemicznej: Prace budowlane! Czas na rozbudow\u0119? Przej\u015bcie od Walczaka? (zdj\u0119cia)<\/a><br>&#8211; <a href=\"https:\/\/gorzow.news\/index.php\/2021\/11\/30\/przejscie-od-walczaka-do-n-parku-bedzie-mozliwe-przedstawiamy-warianty-i-pytamy\/\">Przej\u015bcie od Walczaka do N-Parku b\u0119dzie mo\u017cliwe? Przedstawiamy warianty i pytamy!<\/a><\/p>\n\n\n\n<p><strong>Przeczytaj te\u017c:<\/strong><br>&#8211; <a href=\"https:\/\/gorzow.news\/index.php\/2023\/01\/02\/gorzow-power-center-ruszyla-wycinka-i-porzadkowanie-na-obszarze-ponad-14-hektarow-dzialek-pod-inwestycje-zdjecia\/\">Gorz\u00f3w Power Center: Ruszy\u0142a wycinka i porz\u0105dkowanie na obszarze ponad 14 hektar\u00f3w dzia\u0142ek pod inwestycj\u0119! (zdj\u0119cia)<\/a><br>&#8211; <a href=\"https:\/\/gorzow.news\/index.php\/2022\/12\/31\/biedronka-przy-niepodleglosci-juz-otwarta-budowa-parku-handlowego-trwa-zdjecia\/\">Biedronka przy Niepodleg\u0142o\u015bci ju\u017c otwarta! Budowa parku handlowego trwa! (zdj\u0119cia)<\/a><br>&#8211; <a href=\"https:\/\/gorzow.news\/index.php\/2022\/12\/29\/stokrotka-w-orbi-otwarta-przebudowa-zakonczona-jakie-inne-sklepy-lista-sklepow-zdjecia\/\">Stokrotka w ORBI otwarta! Przebudowa zako\u0144czona. Jakie inne sklepy? (lista sklep\u00f3w, zdj\u0119cia)<\/a><br>&#8211; <a href=\"https:\/\/gorzow.news\/index.php\/2022\/12\/29\/przebudowa-pawilonu-po-komforcie-zakonczona-co-tu-jeszcze-bedzie-zdjecia\/\">Przebudowa pawilonu po Komforcie zako\u0144czona! Co tu jeszcze b\u0119dzie? (zdj\u0119cia)<\/a><\/p>\n\n\n\r\n                <style type=\"text\/css\">\r\n                    \r\n                    #tdi_1  .td-doubleSlider-2 .td-item1 {\r\n                        background: url(https:\/\/gorzow.news\/wp-content\/uploads\/2023\/01\/IMG_20221226_153806_1.jpg) 0 0 no-repeat;\r\n                    }\r\n                    #tdi_1  .td-doubleSlider-2 .td-item2 {\r\n                        background: url(https:\/\/gorzow.news\/wp-content\/uploads\/2023\/01\/IMG_20221226_153917.jpg) 0 0 no-repeat;\r\n                    }\r\n                    #tdi_1  .td-doubleSlider-2 .td-item3 {\r\n                        background: url(https:\/\/gorzow.news\/wp-content\/uploads\/2023\/01\/IMG_20221226_154008_1.jpg) 0 0 no-repeat;\r\n                    }\r\n                <\/style>\r\n\r\n                <div id=\"tdi_1\" class=\"td-gallery td-slide-on-2-columns\">\r\n                    <div class=\"post_td_gallery\">\r\n                        <div class=\"td-gallery-slide-top\">\r\n                           <div class=\"td-gallery-title\">Budowa myjni bezdotykowej przy N-Parku<\/div>\r\n\r\n                            <div class=\"td-gallery-controls-wrapper\">\r\n                                <div class=\"td-gallery-slide-count\"><span class=\"td-gallery-slide-item-focus\">1<\/span> z 3<\/div>\r\n                                <div class=\"td-gallery-slide-prev-next-but\">\r\n                                    <i class = \"td-icon-left doubleSliderPrevButton\"><\/i>\r\n                                    <i class = \"td-icon-right doubleSliderNextButton\"><\/i>\r\n                                <\/div>\r\n                            <\/div>\r\n                        <\/div>\r\n\r\n                        <div class = \"td-doubleSlider-1 \">\r\n                            <div class = \"td-slider\">\r\n                                \r\n                    <div class = \"td-slide-item td-item1\">\r\n                        <figure class=\"td-slide-galery-figure td-slide-popup-gallery\">\r\n                            <a class=\"slide-gallery-image-link\" href=\"https:\/\/gorzow.news\/wp-content\/uploads\/2023\/01\/IMG_20221226_153806_1.jpg\" title=\"\"  data-caption=\"\"  data-description=\"\">\r\n                                <img decoding=\"async\" src=\"https:\/\/gorzow.news\/wp-content\/uploads\/2023\/01\/IMG_20221226_153806_1.jpg\" srcset=\"https:\/\/gorzow.news\/wp-content\/uploads\/2023\/01\/IMG_20221226_153806_1.jpg 1600w, https:\/\/gorzow.news\/wp-content\/uploads\/2023\/01\/IMG_20221226_153806_1-300x142.jpg 300w, https:\/\/gorzow.news\/wp-content\/uploads\/2023\/01\/IMG_20221226_153806_1-1024x484.jpg 1024w, https:\/\/gorzow.news\/wp-content\/uploads\/2023\/01\/IMG_20221226_153806_1-768x363.jpg 768w, https:\/\/gorzow.news\/wp-content\/uploads\/2023\/01\/IMG_20221226_153806_1-1536x727.jpg 1536w, https:\/\/gorzow.news\/wp-content\/uploads\/2023\/01\/IMG_20221226_153806_1-696x329.jpg 696w, https:\/\/gorzow.news\/wp-content\/uploads\/2023\/01\/IMG_20221226_153806_1-1068x505.jpg 1068w\" sizes=\"(max-width: 1600px) 100vw, 1600px\" alt=\"\">\r\n                            <\/a>\r\n                            \r\n                        <\/figure>\r\n                    <\/div>\r\n                    <div class = \"td-slide-item td-item2\">\r\n                        <figure class=\"td-slide-galery-figure td-slide-popup-gallery\">\r\n                            <a class=\"slide-gallery-image-link\" href=\"https:\/\/gorzow.news\/wp-content\/uploads\/2023\/01\/IMG_20221226_153917.jpg\" title=\"\"  data-caption=\"\"  data-description=\"\">\r\n                                <img decoding=\"async\" src=\"https:\/\/gorzow.news\/wp-content\/uploads\/2023\/01\/IMG_20221226_153917.jpg\" srcset=\"https:\/\/gorzow.news\/wp-content\/uploads\/2023\/01\/IMG_20221226_153917.jpg 1600w, https:\/\/gorzow.news\/wp-content\/uploads\/2023\/01\/IMG_20221226_153917-300x142.jpg 300w, https:\/\/gorzow.news\/wp-content\/uploads\/2023\/01\/IMG_20221226_153917-1024x484.jpg 1024w, https:\/\/gorzow.news\/wp-content\/uploads\/2023\/01\/IMG_20221226_153917-768x363.jpg 768w, https:\/\/gorzow.news\/wp-content\/uploads\/2023\/01\/IMG_20221226_153917-1536x727.jpg 1536w, https:\/\/gorzow.news\/wp-content\/uploads\/2023\/01\/IMG_20221226_153917-696x329.jpg 696w, https:\/\/gorzow.news\/wp-content\/uploads\/2023\/01\/IMG_20221226_153917-1068x505.jpg 1068w\" sizes=\"(max-width: 1600px) 100vw, 1600px\" alt=\"\">\r\n                            <\/a>\r\n                            \r\n                        <\/figure>\r\n                    <\/div>\r\n                    <div class = \"td-slide-item td-item3\">\r\n                        <figure class=\"td-slide-galery-figure td-slide-popup-gallery\">\r\n                            <a class=\"slide-gallery-image-link\" href=\"https:\/\/gorzow.news\/wp-content\/uploads\/2023\/01\/IMG_20221226_154008_1.jpg\" title=\"\"  data-caption=\"\"  data-description=\"\">\r\n                                <img decoding=\"async\" src=\"https:\/\/gorzow.news\/wp-content\/uploads\/2023\/01\/IMG_20221226_154008_1.jpg\" srcset=\"https:\/\/gorzow.news\/wp-content\/uploads\/2023\/01\/IMG_20221226_154008_1.jpg 1600w, https:\/\/gorzow.news\/wp-content\/uploads\/2023\/01\/IMG_20221226_154008_1-300x142.jpg 300w, https:\/\/gorzow.news\/wp-content\/uploads\/2023\/01\/IMG_20221226_154008_1-1024x484.jpg 1024w, https:\/\/gorzow.news\/wp-content\/uploads\/2023\/01\/IMG_20221226_154008_1-768x363.jpg 768w, https:\/\/gorzow.news\/wp-content\/uploads\/2023\/01\/IMG_20221226_154008_1-1536x727.jpg 1536w, https:\/\/gorzow.news\/wp-content\/uploads\/2023\/01\/IMG_20221226_154008_1-696x329.jpg 696w, https:\/\/gorzow.news\/wp-content\/uploads\/2023\/01\/IMG_20221226_154008_1-1068x505.jpg 1068w\" sizes=\"(max-width: 1600px) 100vw, 1600px\" alt=\"\">\r\n                            <\/a>\r\n                            \r\n                        <\/figure>\r\n                    <\/div>\r\n                            <\/div>\r\n                        <\/div>\r\n\r\n                        <div class = \"td-doubleSlider-2\">\r\n                            <div class = \"td-slider\">\r\n                                \r\n                    <div class = \"td-button td-item1\">\r\n                        <div class = \"td-border\"><\/div>\r\n                    <\/div>\r\n                    <div class = \"td-button td-item2\">\r\n                        <div class = \"td-border\"><\/div>\r\n                    <\/div>\r\n                    <div class = \"td-button td-item3\">\r\n                        <div class = \"td-border\"><\/div>\r\n                    <\/div>\r\n                            <\/div>\r\n                        <\/div>\r\n\r\n                    <\/div>\r\n\r\n                <\/div>\r\n                ","protected":false},"excerpt":{"rendered":"<p>W listopadzie ubieg\u0142ego roku ruszy\u0142y prace przy budowie bezdotykowej myjni samochodowej tu\u017c obok parku handlowego N-Park przy ul. Chemicznej. Myjnia powstaje na cz\u0119\u015bci sporej dzia\u0142ki nale\u017c\u0105cej do N-Parku przy skrzy\u017cowaniu ul. Pomorskiej i Chemicznej. Na ten moment nie wiadomo jeszcze co powstanie na pozosta\u0142ym terenie.<\/p>\n","protected":false},"author":1,"featured_media":11100,"comment_status":"open","ping_status":"open","sticky":false,"template":"","format":"standard","meta":{"footnotes":"","_links_to":"","_links_to_target":""},"categories":[2018,1624,589],"tags":[134,762,1939,290,126,133,1938,1879],"class_list":{"0":"post-11095","1":"post","2":"type-post","3":"status-publish","4":"format-standard","5":"has-post-thumbnail","7":"category-dolinki","8":"category-inwestycje-handlowe","9":"category-wiadomosci","10":"tag-chemiczna","11":"tag-grupa-napollo","12":"tag-monika-pasterak","13":"tag-myjnia-bezdotykowa","14":"tag-n-park","15":"tag-pomorska","16":"tag-redconst","17":"tag-remigiusz-cholewicki"},"yoast_head":"<!-- This site is optimized with the Yoast SEO plugin v27.3 - https:\/\/yoast.com\/product\/yoast-seo-wordpress\/ -->\n<title>Przy N-Parku ju\u017c w lutym umyjemy auto - Gorz\u00f3w News<\/title>\n<meta name=\"description\" content=\"W listopadzie ubieg\u0142ego roku ruszy\u0142y prace przy budowie bezdotykowej myjni samochodowej tu\u017c obok parku handlowego N-Park przy ul. Chemicznej. Myjni\" \/>\n<meta name=\"robots\" content=\"index, follow, max-snippet:-1, max-image-preview:large, max-video-preview:-1\" \/>\n<link rel=\"canonical\" href=\"https:\/\/gorzow.news\/index.php\/2023\/01\/09\/przy-n-parku-juz-w-lutym-umyjemy-auto\/\" \/>\n<meta property=\"og:locale\" content=\"pl_PL\" \/>\n<meta property=\"og:type\" content=\"article\" \/>\n<meta property=\"og:title\" content=\"Przy N-Parku ju\u017c w lutym umyjemy auto - Gorz\u00f3w News\" \/>\n<meta property=\"og:description\" content=\"W listopadzie ubieg\u0142ego roku ruszy\u0142y prace przy budowie bezdotykowej myjni samochodowej tu\u017c obok parku handlowego N-Park przy ul. Chemicznej. Myjni\" \/>\n<meta property=\"og:url\" content=\"https:\/\/gorzow.news\/index.php\/2023\/01\/09\/przy-n-parku-juz-w-lutym-umyjemy-auto\/\" \/>\n<meta property=\"og:site_name\" content=\"Gorz\u00f3w News\" \/>\n<meta property=\"article:publisher\" content=\"https:\/\/www.facebook.com\/gorzowskinews\" \/>\n<meta property=\"article:published_time\" content=\"2023-01-09T11:18:54+00:00\" \/>\n<meta property=\"article:modified_time\" content=\"2023-03-04T13:25:53+00:00\" \/>\n<meta property=\"og:image\" content=\"https:\/\/gorzow.news\/wp-content\/uploads\/2023\/01\/IMG_20221226_154008_1-1.jpg\" \/>\n\t<meta property=\"og:image:width\" content=\"1600\" \/>\n\t<meta property=\"og:image:height\" content=\"757\" \/>\n\t<meta property=\"og:image:type\" content=\"image\/jpeg\" \/>\n<meta name=\"author\" content=\"maciej\" \/>\n<meta name=\"twitter:card\" content=\"summary_large_image\" \/>\n<meta name=\"twitter:label1\" content=\"Napisane przez\" \/>\n\t<meta name=\"twitter:data1\" content=\"maciej\" \/>\n\t<meta name=\"twitter:label2\" content=\"Szacowany czas czytania\" \/>\n\t<meta name=\"twitter:data2\" content=\"3 minuty\" \/>\n<script type=\"application\/ld+json\" class=\"yoast-schema-graph\">{\"@context\":\"https:\\\/\\\/schema.org\",\"@graph\":[{\"@type\":\"Article\",\"@id\":\"https:\\\/\\\/gorzow.news\\\/index.php\\\/2023\\\/01\\\/09\\\/przy-n-parku-juz-w-lutym-umyjemy-auto\\\/#article\",\"isPartOf\":{\"@id\":\"https:\\\/\\\/gorzow.news\\\/index.php\\\/2023\\\/01\\\/09\\\/przy-n-parku-juz-w-lutym-umyjemy-auto\\\/\"},\"author\":{\"name\":\"maciej\",\"@id\":\"https:\\\/\\\/gorzow.news\\\/#\\\/schema\\\/person\\\/a1e5ab43166369f2ce236a1cd90995bb\"},\"headline\":\"Przy N-Parku ju\u017c w lutym umyjemy auto\",\"datePublished\":\"2023-01-09T11:18:54+00:00\",\"dateModified\":\"2023-03-04T13:25:53+00:00\",\"mainEntityOfPage\":{\"@id\":\"https:\\\/\\\/gorzow.news\\\/index.php\\\/2023\\\/01\\\/09\\\/przy-n-parku-juz-w-lutym-umyjemy-auto\\\/\"},\"wordCount\":386,\"commentCount\":0,\"image\":{\"@id\":\"https:\\\/\\\/gorzow.news\\\/index.php\\\/2023\\\/01\\\/09\\\/przy-n-parku-juz-w-lutym-umyjemy-auto\\\/#primaryimage\"},\"thumbnailUrl\":\"https:\\\/\\\/gorzow.news\\\/wp-content\\\/uploads\\\/2023\\\/01\\\/IMG_20221226_154008_1-1.jpg\",\"keywords\":[\"Chemiczna\",\"Grupa Napollo\",\"Monika Pasterak\",\"myjnia bezdotykowa\",\"N-Park\",\"Pomorska\",\"RedConst\",\"Remigiusz Cholewicki\"],\"articleSection\":[\"Dolinki\",\"Inwestycje handlowe\",\"Wiadomo\u015bci\"],\"inLanguage\":\"pl-PL\",\"potentialAction\":[{\"@type\":\"CommentAction\",\"name\":\"Comment\",\"target\":[\"https:\\\/\\\/gorzow.news\\\/index.php\\\/2023\\\/01\\\/09\\\/przy-n-parku-juz-w-lutym-umyjemy-auto\\\/#respond\"]}]},{\"@type\":\"WebPage\",\"@id\":\"https:\\\/\\\/gorzow.news\\\/index.php\\\/2023\\\/01\\\/09\\\/przy-n-parku-juz-w-lutym-umyjemy-auto\\\/\",\"url\":\"https:\\\/\\\/gorzow.news\\\/index.php\\\/2023\\\/01\\\/09\\\/przy-n-parku-juz-w-lutym-umyjemy-auto\\\/\",\"name\":\"Przy N-Parku ju\u017c w lutym umyjemy auto - Gorz\u00f3w News\",\"isPartOf\":{\"@id\":\"https:\\\/\\\/gorzow.news\\\/#website\"},\"primaryImageOfPage\":{\"@id\":\"https:\\\/\\\/gorzow.news\\\/index.php\\\/2023\\\/01\\\/09\\\/przy-n-parku-juz-w-lutym-umyjemy-auto\\\/#primaryimage\"},\"image\":{\"@id\":\"https:\\\/\\\/gorzow.news\\\/index.php\\\/2023\\\/01\\\/09\\\/przy-n-parku-juz-w-lutym-umyjemy-auto\\\/#primaryimage\"},\"thumbnailUrl\":\"https:\\\/\\\/gorzow.news\\\/wp-content\\\/uploads\\\/2023\\\/01\\\/IMG_20221226_154008_1-1.jpg\",\"datePublished\":\"2023-01-09T11:18:54+00:00\",\"dateModified\":\"2023-03-04T13:25:53+00:00\",\"author\":{\"@id\":\"https:\\\/\\\/gorzow.news\\\/#\\\/schema\\\/person\\\/a1e5ab43166369f2ce236a1cd90995bb\"},\"description\":\"W listopadzie ubieg\u0142ego roku ruszy\u0142y prace przy budowie bezdotykowej myjni samochodowej tu\u017c obok parku handlowego N-Park przy ul. Chemicznej. Myjnia powstaje na cz\u0119\u015bci sporej dzia\u0142ki nale\u017c\u0105cej do N-Parku przy skrzy\u017cowaniu ul. Pomorskiej i Chemicznej. Na ten moment nie wiadomo jeszcze co powstanie na pozosta\u0142ym terenie.\",\"breadcrumb\":{\"@id\":\"https:\\\/\\\/gorzow.news\\\/index.php\\\/2023\\\/01\\\/09\\\/przy-n-parku-juz-w-lutym-umyjemy-auto\\\/#breadcrumb\"},\"inLanguage\":\"pl-PL\",\"potentialAction\":[{\"@type\":\"ReadAction\",\"target\":[\"https:\\\/\\\/gorzow.news\\\/index.php\\\/2023\\\/01\\\/09\\\/przy-n-parku-juz-w-lutym-umyjemy-auto\\\/\"]}]},{\"@type\":\"ImageObject\",\"inLanguage\":\"pl-PL\",\"@id\":\"https:\\\/\\\/gorzow.news\\\/index.php\\\/2023\\\/01\\\/09\\\/przy-n-parku-juz-w-lutym-umyjemy-auto\\\/#primaryimage\",\"url\":\"https:\\\/\\\/gorzow.news\\\/wp-content\\\/uploads\\\/2023\\\/01\\\/IMG_20221226_154008_1-1.jpg\",\"contentUrl\":\"https:\\\/\\\/gorzow.news\\\/wp-content\\\/uploads\\\/2023\\\/01\\\/IMG_20221226_154008_1-1.jpg\",\"width\":1600,\"height\":757,\"caption\":\"We wtorek, tj. 10 stycznia wylana ma zosta\u0107 p\u0142yta betonowa pod myjni\u0119. Inwestycja ma zosta\u0107 uko\u0144czona do po\u0142owy lutego.\"},{\"@type\":\"BreadcrumbList\",\"@id\":\"https:\\\/\\\/gorzow.news\\\/index.php\\\/2023\\\/01\\\/09\\\/przy-n-parku-juz-w-lutym-umyjemy-auto\\\/#breadcrumb\",\"itemListElement\":[{\"@type\":\"ListItem\",\"position\":1,\"name\":\"Home\",\"item\":\"https:\\\/\\\/gorzow.news\\\/\"},{\"@type\":\"ListItem\",\"position\":2,\"name\":\"Przy N-Parku ju\u017c w lutym umyjemy auto\"}]},{\"@type\":\"WebSite\",\"@id\":\"https:\\\/\\\/gorzow.news\\\/#website\",\"url\":\"https:\\\/\\\/gorzow.news\\\/\",\"name\":\"Gorz\u00f3w News\",\"description\":\"Sp\u00f3jrz inaczej na miato i region...\",\"potentialAction\":[{\"@type\":\"SearchAction\",\"target\":{\"@type\":\"EntryPoint\",\"urlTemplate\":\"https:\\\/\\\/gorzow.news\\\/?s={search_term_string}\"},\"query-input\":{\"@type\":\"PropertyValueSpecification\",\"valueRequired\":true,\"valueName\":\"search_term_string\"}}],\"inLanguage\":\"pl-PL\"},{\"@type\":\"Person\",\"@id\":\"https:\\\/\\\/gorzow.news\\\/#\\\/schema\\\/person\\\/a1e5ab43166369f2ce236a1cd90995bb\",\"name\":\"maciej\",\"image\":{\"@type\":\"ImageObject\",\"inLanguage\":\"pl-PL\",\"@id\":\"https:\\\/\\\/secure.gravatar.com\\\/avatar\\\/530a674d56ba60cfa0ef21d74e8e8d123a51bb7aa6580465b5c2ab2c2e980a19?s=96&r=g&d=https:\\\/\\\/gorzow.news\\\/wp-content\\\/plugins\\\/userswp\\\/assets\\\/images\\\/no_profile.png\",\"url\":\"https:\\\/\\\/secure.gravatar.com\\\/avatar\\\/530a674d56ba60cfa0ef21d74e8e8d123a51bb7aa6580465b5c2ab2c2e980a19?s=96&r=g&d=https:\\\/\\\/gorzow.news\\\/wp-content\\\/plugins\\\/userswp\\\/assets\\\/images\\\/no_profile.png\",\"contentUrl\":\"https:\\\/\\\/secure.gravatar.com\\\/avatar\\\/530a674d56ba60cfa0ef21d74e8e8d123a51bb7aa6580465b5c2ab2c2e980a19?s=96&r=g&d=https:\\\/\\\/gorzow.news\\\/wp-content\\\/plugins\\\/userswp\\\/assets\\\/images\\\/no_profile.png\",\"caption\":\"maciej\"},\"url\":\"https:\\\/\\\/gorzow.news\\\/index.php\\\/profile\\\/maciej\\\/\"}]}<\/script>\n<!-- \/ Yoast SEO plugin. -->","yoast_head_json":{"title":"Przy N-Parku ju\u017c w lutym umyjemy auto - Gorz\u00f3w News","description":"W listopadzie ubieg\u0142ego roku ruszy\u0142y prace przy budowie bezdotykowej myjni samochodowej tu\u017c obok parku handlowego N-Park przy ul. Chemicznej. Myjni","robots":{"index":"index","follow":"follow","max-snippet":"max-snippet:-1","max-image-preview":"max-image-preview:large","max-video-preview":"max-video-preview:-1"},"canonical":"https:\/\/gorzow.news\/index.php\/2023\/01\/09\/przy-n-parku-juz-w-lutym-umyjemy-auto\/","og_locale":"pl_PL","og_type":"article","og_title":"Przy N-Parku ju\u017c w lutym umyjemy auto - Gorz\u00f3w News","og_description":"W listopadzie ubieg\u0142ego roku ruszy\u0142y prace przy budowie bezdotykowej myjni samochodowej tu\u017c obok parku handlowego N-Park przy ul. Chemicznej. Myjni","og_url":"https:\/\/gorzow.news\/index.php\/2023\/01\/09\/przy-n-parku-juz-w-lutym-umyjemy-auto\/","og_site_name":"Gorz\u00f3w News","article_publisher":"https:\/\/www.facebook.com\/gorzowskinews","article_published_time":"2023-01-09T11:18:54+00:00","article_modified_time":"2023-03-04T13:25:53+00:00","og_image":[{"width":1600,"height":757,"url":"https:\/\/gorzow.news\/wp-content\/uploads\/2023\/01\/IMG_20221226_154008_1-1.jpg","type":"image\/jpeg"}],"author":"maciej","twitter_card":"summary_large_image","twitter_misc":{"Napisane przez":"maciej","Szacowany czas czytania":"3 minuty"},"schema":{"@context":"https:\/\/schema.org","@graph":[{"@type":"Article","@id":"https:\/\/gorzow.news\/index.php\/2023\/01\/09\/przy-n-parku-juz-w-lutym-umyjemy-auto\/#article","isPartOf":{"@id":"https:\/\/gorzow.news\/index.php\/2023\/01\/09\/przy-n-parku-juz-w-lutym-umyjemy-auto\/"},"author":{"name":"maciej","@id":"https:\/\/gorzow.news\/#\/schema\/person\/a1e5ab43166369f2ce236a1cd90995bb"},"headline":"Przy N-Parku ju\u017c w lutym umyjemy auto","datePublished":"2023-01-09T11:18:54+00:00","dateModified":"2023-03-04T13:25:53+00:00","mainEntityOfPage":{"@id":"https:\/\/gorzow.news\/index.php\/2023\/01\/09\/przy-n-parku-juz-w-lutym-umyjemy-auto\/"},"wordCount":386,"commentCount":0,"image":{"@id":"https:\/\/gorzow.news\/index.php\/2023\/01\/09\/przy-n-parku-juz-w-lutym-umyjemy-auto\/#primaryimage"},"thumbnailUrl":"https:\/\/gorzow.news\/wp-content\/uploads\/2023\/01\/IMG_20221226_154008_1-1.jpg","keywords":["Chemiczna","Grupa Napollo","Monika Pasterak","myjnia bezdotykowa","N-Park","Pomorska","RedConst","Remigiusz Cholewicki"],"articleSection":["Dolinki","Inwestycje handlowe","Wiadomo\u015bci"],"inLanguage":"pl-PL","potentialAction":[{"@type":"CommentAction","name":"Comment","target":["https:\/\/gorzow.news\/index.php\/2023\/01\/09\/przy-n-parku-juz-w-lutym-umyjemy-auto\/#respond"]}]},{"@type":"WebPage","@id":"https:\/\/gorzow.news\/index.php\/2023\/01\/09\/przy-n-parku-juz-w-lutym-umyjemy-auto\/","url":"https:\/\/gorzow.news\/index.php\/2023\/01\/09\/przy-n-parku-juz-w-lutym-umyjemy-auto\/","name":"Przy N-Parku ju\u017c w lutym umyjemy auto - Gorz\u00f3w News","isPartOf":{"@id":"https:\/\/gorzow.news\/#website"},"primaryImageOfPage":{"@id":"https:\/\/gorzow.news\/index.php\/2023\/01\/09\/przy-n-parku-juz-w-lutym-umyjemy-auto\/#primaryimage"},"image":{"@id":"https:\/\/gorzow.news\/index.php\/2023\/01\/09\/przy-n-parku-juz-w-lutym-umyjemy-auto\/#primaryimage"},"thumbnailUrl":"https:\/\/gorzow.news\/wp-content\/uploads\/2023\/01\/IMG_20221226_154008_1-1.jpg","datePublished":"2023-01-09T11:18:54+00:00","dateModified":"2023-03-04T13:25:53+00:00","author":{"@id":"https:\/\/gorzow.news\/#\/schema\/person\/a1e5ab43166369f2ce236a1cd90995bb"},"description":"W listopadzie ubieg\u0142ego roku ruszy\u0142y prace przy budowie bezdotykowej myjni samochodowej tu\u017c obok parku handlowego N-Park przy ul. Chemicznej. Myjnia powstaje na cz\u0119\u015bci sporej dzia\u0142ki nale\u017c\u0105cej do N-Parku przy skrzy\u017cowaniu ul. Pomorskiej i Chemicznej. Na ten moment nie wiadomo jeszcze co powstanie na pozosta\u0142ym terenie.","breadcrumb":{"@id":"https:\/\/gorzow.news\/index.php\/2023\/01\/09\/przy-n-parku-juz-w-lutym-umyjemy-auto\/#breadcrumb"},"inLanguage":"pl-PL","potentialAction":[{"@type":"ReadAction","target":["https:\/\/gorzow.news\/index.php\/2023\/01\/09\/przy-n-parku-juz-w-lutym-umyjemy-auto\/"]}]},{"@type":"ImageObject","inLanguage":"pl-PL","@id":"https:\/\/gorzow.news\/index.php\/2023\/01\/09\/przy-n-parku-juz-w-lutym-umyjemy-auto\/#primaryimage","url":"https:\/\/gorzow.news\/wp-content\/uploads\/2023\/01\/IMG_20221226_154008_1-1.jpg","contentUrl":"https:\/\/gorzow.news\/wp-content\/uploads\/2023\/01\/IMG_20221226_154008_1-1.jpg","width":1600,"height":757,"caption":"We wtorek, tj. 10 stycznia wylana ma zosta\u0107 p\u0142yta betonowa pod myjni\u0119. Inwestycja ma zosta\u0107 uko\u0144czona do po\u0142owy lutego."},{"@type":"BreadcrumbList","@id":"https:\/\/gorzow.news\/index.php\/2023\/01\/09\/przy-n-parku-juz-w-lutym-umyjemy-auto\/#breadcrumb","itemListElement":[{"@type":"ListItem","position":1,"name":"Home","item":"https:\/\/gorzow.news\/"},{"@type":"ListItem","position":2,"name":"Przy N-Parku ju\u017c w lutym umyjemy auto"}]},{"@type":"WebSite","@id":"https:\/\/gorzow.news\/#website","url":"https:\/\/gorzow.news\/","name":"Gorz\u00f3w News","description":"Sp\u00f3jrz inaczej na miato i region...","potentialAction":[{"@type":"SearchAction","target":{"@type":"EntryPoint","urlTemplate":"https:\/\/gorzow.news\/?s={search_term_string}"},"query-input":{"@type":"PropertyValueSpecification","valueRequired":true,"valueName":"search_term_string"}}],"inLanguage":"pl-PL"},{"@type":"Person","@id":"https:\/\/gorzow.news\/#\/schema\/person\/a1e5ab43166369f2ce236a1cd90995bb","name":"maciej","image":{"@type":"ImageObject","inLanguage":"pl-PL","@id":"https:\/\/secure.gravatar.com\/avatar\/530a674d56ba60cfa0ef21d74e8e8d123a51bb7aa6580465b5c2ab2c2e980a19?s=96&r=g&d=https:\/\/gorzow.news\/wp-content\/plugins\/userswp\/assets\/images\/no_profile.png","url":"https:\/\/secure.gravatar.com\/avatar\/530a674d56ba60cfa0ef21d74e8e8d123a51bb7aa6580465b5c2ab2c2e980a19?s=96&r=g&d=https:\/\/gorzow.news\/wp-content\/plugins\/userswp\/assets\/images\/no_profile.png","contentUrl":"https:\/\/secure.gravatar.com\/avatar\/530a674d56ba60cfa0ef21d74e8e8d123a51bb7aa6580465b5c2ab2c2e980a19?s=96&r=g&d=https:\/\/gorzow.news\/wp-content\/plugins\/userswp\/assets\/images\/no_profile.png","caption":"maciej"},"url":"https:\/\/gorzow.news\/index.php\/profile\/maciej\/"}]}},"_links":{"self":[{"href":"https:\/\/gorzow.news\/index.php\/wp-json\/wp\/v2\/posts\/11095","targetHints":{"allow":["GET"]}}],"collection":[{"href":"https:\/\/gorzow.news\/index.php\/wp-json\/wp\/v2\/posts"}],"about":[{"href":"https:\/\/gorzow.news\/index.php\/wp-json\/wp\/v2\/types\/post"}],"author":[{"embeddable":true,"href":"https:\/\/gorzow.news\/index.php\/wp-json\/wp\/v2\/users\/1"}],"replies":[{"embeddable":true,"href":"https:\/\/gorzow.news\/index.php\/wp-json\/wp\/v2\/comments?post=11095"}],"version-history":[{"count":0,"href":"https:\/\/gorzow.news\/index.php\/wp-json\/wp\/v2\/posts\/11095\/revisions"}],"wp:featuredmedia":[{"embeddable":true,"href":"https:\/\/gorzow.news\/index.php\/wp-json\/wp\/v2\/media\/11100"}],"wp:attachment":[{"href":"https:\/\/gorzow.news\/index.php\/wp-json\/wp\/v2\/media?parent=11095"}],"wp:term":[{"taxonomy":"category","embeddable":true,"href":"https:\/\/gorzow.news\/index.php\/wp-json\/wp\/v2\/categories?post=11095"},{"taxonomy":"post_tag","embeddable":true,"href":"https:\/\/gorzow.news\/index.php\/wp-json\/wp\/v2\/tags?post=11095"}],"curies":[{"name":"wp","href":"https:\/\/api.w.org\/{rel}","templated":true}]}}