{"id":10881,"date":"2022-12-19T21:35:00","date_gmt":"2022-12-19T20:35:00","guid":{"rendered":"https:\/\/gorzow.news\/?p=10881"},"modified":"2022-12-21T21:35:46","modified_gmt":"2022-12-21T20:35:46","slug":"wojewodztwo-ma-budzet-na-2023-rok-wydatki-przekrocza-miliard","status":"publish","type":"post","link":"https:\/\/gorzow.news\/index.php\/2022\/12\/19\/wojewodztwo-ma-budzet-na-2023-rok-wydatki-przekrocza-miliard\/","title":{"rendered":"Wojew\u00f3dztwo ma bud\u017cet na 2023 rok! Wydatki przekrocz\u0105 miliard"},"content":{"rendered":"\n<p><strong>Radni Wojew\u00f3dztwa Lubuskiego przyj\u0119li bud\u017cet wojew\u00f3dztwa na rok 2023. Za g\u0142osowa\u0142o 18 radnych, 7 by\u0142o przeciw, trzech wstrzyma\u0142o si\u0119 od g\u0142osu. Wydatki wojew\u00f3dztwa lubuskiego po raz pierwszy przekrocz\u0105 1 mld z\u0142.<\/strong><\/p>\n\n\n\n<p>W przysz\u0142orocznym bud\u017cecie zaplanowano dochody na poziomie 882 mln z\u0142, z czego dochody z PIT na poziomie 36,1 mln z\u0142 oraz CIT 225,6 mln z\u0142. Wydatki za\u015b na poziomie 1 mld 121,3 mln z\u0142 \u2013 z czego 44,6 % (500,6 mln z\u0142) to wydatki maj\u0105tkowe. Deficyt zaplanowano na poziomie 239,1 mln z\u0142.<\/p>\n\n\n\n<p>\u2013 Planujemy deficyt z pe\u0142n\u0105 odpowiedzialno\u015bci\u0105 i \u015bwiadomo\u015bci\u0105 tego, \u017ce musimy kontynuowa\u0107 zadania inwestycyjne, a jak pa\u0144stwo doskonale wiecie, do ka\u017cdej inwestycji musimy dok\u0142ada\u0107 \u015brodki finansowe do wk\u0142ad\u00f3w w\u0142asnych. Nie ruszy\u0142a jeszcze nowa perspektywa, chocia\u017c mamy zatwierdzony program europejski. \u015arodki finansowe b\u0119d\u0105 by\u0107 mo\u017ce w drugim p\u00f3\u0142roczu. M\u00f3wi\u0119 \u201eby\u0107 mo\u017ce\u201d, poniewa\u017c kamienie milowe, kt\u00f3re s\u0105 okre\u015blone dla Krajowego Planu Odbudowy, dotycz\u0105 r\u00f3wnie\u017c ca\u0142ej Polityki Sp\u00f3jno\u015bci, nie tylko KPO. Inwestycje, kt\u00f3re s\u0105 zaplanowane w KPO, te\u017c nie b\u0119d\u0105 realizowane, dlatego zdecydowali\u015bmy si\u0119 na realizacj\u0119 Strategii Rozwoju Wojew\u00f3dztwa w oparciu o w\u0142asne \u015brodki. Nie b\u0119dzie lekko, ale mamy zdolno\u015b\u0107 kredytow\u0105. Zad\u0142u\u017cenie z tym kredytem wyniesie 41 proc., a by\u0107 mo\u017ce mniej, poniewa\u017c w tym roku zaplanowali\u015bmy 65 mln kredytu, kt\u00f3rego nie bierzemy \u2013 m\u00f3wi\u0142a podczas prezentacji bud\u017cetu marsza\u0142ek <strong>El\u017cbieta Anna Polak<\/strong>.<\/p>\n\n\n\n<p><strong>Ze \u015brodk\u00f3w uj\u0119tych w bud\u017cecie samorz\u0105d wojew\u00f3dztwa realizowa\u0107 b\u0119dzie projekty priorytetowe zapisane w Strategii Rozwoju Wojew\u00f3dztwa. S\u0105 to:<\/strong><br>&#8211; Wsparcie szkolnictwa wy\u017cszego: ma\u0142e granty na badania naukowe, dotacje na projekty k\u00f3\u0142 naukowych.<br>&#8211; Wsp\u00f3\u0142praca z JST &#8211; Lubuski Fundusz Samorz\u0105dowy.<br>&#8211; Wsparcie dzia\u0142alno\u015bci Centrum Bada\u0144 Kosmicznych Polskiej Akademii Nauk w woj. lubuskim.<br>&#8211; Aktualizacja Strategii Rozwoju Wojew\u00f3dztwa Lubuskiego 2030.<br>&#8211; Prowadzenie Sieci Punkt\u00f3w Informacyjnych Funduszy Europejskich w wojew\u00f3dztwie lubuskim.<br>&#8211; Obj\u0119cie udzia\u0142\u00f3w sp\u00f3\u0142ki Park Technologii Kosmicznych sp. z o.o.<br>&#8211; Realizacja projektu &#8222;Standardy obs\u0142ugi inwestora w wojew\u00f3dztwie lubuskim&#8221;.<br>&#8211; Realizacja zadania &#8222;Kongres Gospodarczy &#8211; Lubuskie 2023&#8221;<br>&#8211; Promocja wojew\u00f3dztwa we wsp\u00f3\u0142pracy z partnerami biznesowymi, instytucjami otoczenia biznesu i o\u015brodkami naukowo-badawczymi.<br>&#8211; Realizacja projektu &#8222;Wsparcie systemu lubuskich innowacji&#8221;.<br>&#8211; Przygotowanie koncepcji projektu &#8222;Lubuski System Innowacyjnych Start-up\u00f3w&#8221;.<br>&#8211; Realizacja zadania Lubuska Platforma Innowacji.<br>&#8211; Realizacja bie\u017c\u0105cych zada\u0144 Centrum Obs\u0142ugi Inwestora i Eksportera (COIE) oraz Centrum Obs\u0142ugi Inwestora (COI).<\/p>\n\n\n\n<p><strong>Ochrona zdrowia<\/strong><\/p>\n\n\n\n<p>Na podium w zakresie wydatk\u00f3w znalaz\u0142a si\u0119 ochrona zdrowia. Na ten cel samorz\u0105d zamierza przeznaczy\u0107 137,9 mln z\u0142. W ubieg\u0142ym roku by\u0142o to 72,1 mln z\u0142. Samorz\u0105d zabezpieczy\u0142 \u015brodki na stypendia \u2013 to 2,4 mln z\u0142 (1,4 mln z\u0142 \u2013 stypendia lekarskie, 324 tys. z\u0142 \u2013 stypendia piel\u0119gniarskie, 650 tys. z\u0142 \u2013 stypendia psychoterapia oraz psychologia kliniczna). Dofinansowanie koszt\u00f3w zwi\u0105zanych z kszta\u0142ceniem student\u00f3w kierunku piel\u0119gniarstwo na Akademii im. Jakuba z Parady\u017ca w Gorzowie Wlkp. to 800 tys. z\u0142.<\/p>\n\n\n\n<p>Prowadzonych b\u0119dzie wiele inwestycji w szpitalach podleg\u0142ych samorz\u0105dowi wojew\u00f3dztwa: \u201eModernizacja budynku L &#8211; etap IV (Onkologia) w Szpitalu Uniwersyteckim w Zielonej G\u00f3rze Sp. z o.o.\u201d &#8211; 23,7 mln z\u0142, \u201ePrzebudowa wewn\u0119trznego uk\u0142adu komunikacyjnego wraz z infrastruktur\u0105 towarzysz\u0105c\u0105 w Szpitalu Uniwersyteckim w Zielonej G\u00f3rze Sp. z o.o.\u201d &#8211; 15,3 mln z\u0142 (47,3 mln z\u0142 \u2013 ca\u0142kowita warto\u015b\u0107 inwestycji), \u201ePrzebudowa wew. uk\u0142adu komunikacyjnego, modernizacja spalarni w Szpitalu w Gorzowie Wlkp., modernizacja wie\u017cy ci\u015bnie\u0144 i sieci wod.-kan. w Szpitalu w Obrzycach\u201d &#8211; 35,3 mln z\u0142 (inwestycja dofinansowana ze \u015brodk\u00f3w Rz\u0105dowego Funduszu Polski \u0141ad &#8211; 30.000.000 z\u0142).<\/p>\n\n\n\n<p>Samorz\u0105d dofinansowuje psychiatri\u0119. Na utworzenie Centrum Zdrowia Psychicznego \u2013 modernizacja budynku nr 52 \u2013 Ca\u0142odobowy Oddzia\u0142 Psychiatryczny Og\u00f3lny zabezpieczono 3,6 mln z\u0142 oraz 2,3 mln z\u0142 na rozw\u00f3j dzia\u0142alno\u015bci Centrum Zdrowia Psychicznego w Samodzielnym Publicznym Szpitalu dla Nerwowo i Psychicznie Chorych w Mi\u0119dzyrzeczu. W przysz\u0142ym roku finansowane b\u0119d\u0105 tak\u017ce programy polityki zdrowotnej: in vitro i szczepienia przeciwko grypie dla senior\u00f3w &#8211; 800 tys. z\u0142.<\/p>\n\n\n\n<p><strong>Drogi, kolej, lotnisko<\/strong><\/p>\n\n\n\n<p>Znaczn\u0105 cz\u0119\u015b\u0107 bud\u017cetu poch\u0142onie transport. Plan bud\u017cetu Departamentu Infrastruktury i Gospodarki na 2023 r. wynosi 220,7 mln z\u0142.<\/p>\n\n\n\n<p>Sk\u0142adaj\u0105 si\u0119 na to m.in. \u015brodki przeznaczone na przewozy kolejowe \u2013 117,7 mln z\u0142&nbsp;oraz 23,2 mln z\u0142 na wykonanie dzia\u0142a\u0144 naprawczych w pojazdach szynowych czy 27 mln z\u0142 na przewozy lotnicze z Portu Lotniczego Zielona G\u00f3ra-Babimost.<\/p>\n\n\n\n<p>Zarz\u0105d Dr\u00f3g Wojew\u00f3dzkich zaplanowa\u0142 wiele inwestycji drogowych na kwot\u0119 124,5 mln z\u0142. S\u0105 to:<br>&#8211; Budowa mostu przez rzek\u0119 Odr\u0119 wraz z budow\u0105 nowego przebiegu drogi wojew\u00f3dzkiej nr 282 \u2013 Etap II &#8211; 15 tys. z\u0142<br>&#8211; Budowa obwodnicy m. Podmokle Wielkie, Kosieczyn i Chlastawa w ci\u0105gu drogi woj. nr 302 \u2013 dojazd do w\u0119z\u0142\u00f3w na autostradzie A-2 w Trzcielu oraz Nowym Tomy\u015blu &#8211; 20,3 mln z\u0142<br>&#8211; Rozbudowa drogi woj. nr 278 na odc. Stare Str\u0105cze \u2013 Wschowa &#8211; 12,1 mln z\u0142<br>&#8211; Rozbudowa drogi wojew\u00f3dzkiej &#8211; 15,9 mln z\u0142 nr 295 w m. Miodnica &#8211; 15,9 mln z\u0142<br>&#8211; Budowa nowego mostu w km 32+864 na drodze wojew\u00f3dzkiej nr 296 na rz. Czerna w m. \u017baganiec &#8211; 5,4 mln z\u0142<br>&#8211; Budowa mostu na rz. Brze\u017anica z dojazdami w ci\u0105gu drogi wojew\u00f3dzkiej nr 295 w okolicy m. Nowogr\u00f3d Bobrza\u0144ski &#8211; 4,2 mln z\u0142<br>&#8211; Budowa obwodnicy Nowej Soli &#8211; Etap III &#8211; 20 mln z\u0142.<\/p>\n\n\n\n<p><strong>Polityka spo\u0142eczna<\/strong><\/p>\n\n\n\n<p>Wi\u0119cej \u015brodk\u00f3w przeznaczonych zostanie na sprawy spo\u0142eczne. To \u0142\u0105cznie 121,9 mln z\u0142, w 2022 r. by\u0142o to 109,3 mln z\u0142. Samorz\u0105d fundowa\u0107 b\u0119dzie szereg stypendi\u00f3w dla m\u0142odych \u2013 uczni\u00f3w i student\u00f3w &#8211; naukowe, tw\u00f3rcze i artystyczne \u2013 90 tys. z\u0142, dla student\u00f3w studi\u00f3w stacjonarnych &#8211; 240 tys. z\u0142, sportowe &#8211; 298 tys. z\u0142, Lubuskie Talenty \u2013 program stypendialny \u2013 2,2 mln z\u0142.<\/p>\n\n\n\n<p>To tak\u017ce wsparcie jednostek kultury:<br>&#8211; \u201eModernizacja Lubuskiego Teatru w Zielonej G\u00f3rze\u201d \u2013 2,9 mln z\u0142,<br>&#8211; \u201eBudowa Infrastruktury wodno-kanalizacyjnej oraz drogowej na terenie Muzeum Etnograficznego w Zielonej G\u00f3rze \u2013 Ochli\u201d \u2013 2,5 mln z\u0142,<br>&#8211; \u201eRewitalizacja Barokowego Pa\u0142acu w Ochli wraz z otoczeniem \u2013 Centrum Kultur Europejskich I etap\u201d \u2013 3,7 mln z\u0142.<br>&#8211; \u201eBudowa hali sportowej z zapleczem sanitarnym i socjalnym w M\u0142odzie\u017cowym O\u015brodku Wychowawczym im. J. Korczaka w Babimo\u015bcie\u201d &#8211; 3,3 mln z\u0142 (6,7 mln z\u0142 \u2013 ca\u0142kowita warto\u015b\u0107 inwestycji), w tym inwestycja dofinansowana ze \u015brodk\u00f3w Rz\u0105dowego Funduszu Polski \u0141ad: Program Inwestycji Strategicznych w kwocie 2.660.000 z\u0142.<\/p>\n\n\n\n<p><strong>Wsparcie rolnictwa i obszar\u00f3w wiejskich<\/strong><\/p>\n\n\n\n<p>Samorz\u0105d b\u0119dzie wspiera\u0142 lubuskich pszczelarzy &#8211; na zakup w\u0119zy pszczelarskiej przeznaczono 500 tys. z\u0142. Na projekty planu ochrony dla Park\u00f3w Krajobrazowych zabezpieczono kwot\u0119 600 tys. z\u0142. Dotacje celowe to 1,5 mln z\u0142, kt\u00f3re przeznaczone zostan\u0105 na: budow\u0119 i renowacje zbiornik\u00f3w wodnych s\u0142u\u017c\u0105cych ma\u0142ej retencji, zakup sadzonek drzew miododajnych przeznaczonych do zasadzenia w pasie drogowym lub na terenach rolniczych, zakup nawoz\u00f3w wapniowych, budow\u0119 i modernizacj\u0119 dr\u00f3g dojazdowych do grunt\u00f3w rolnych. Opracowanie Audytu krajobrazowego wojew\u00f3dztwa lubuskiego wyniesie &#8211; 284 tys. z\u0142.<\/p>\n\n\n\n<p>Departament Program\u00f3w Obszar\u00f3w Wiejskich natomiast przeznaczy 200 tys. z\u0142 na wsparcie Lubuskiej Rady K\u00f3\u0142 Gospody\u0144 Wiejskich. S\u0105 \u015brodki na zadanie zwi\u0105zane z nawadnianie boisk pi\u0142karskich na obszarach wiejskich \u2013 300 tys. z\u0142 oraz program \u201eDzia\u0142kowiec\u201d- 400 tys. z\u0142. Zaplanowano cykl piknik\u00f3w kultury ludowej \u2013 150 tys. z\u0142.<\/p>\n\n\n\n<p><strong>Ochrona \u015brodowiska<\/strong><\/p>\n\n\n\n<p>Samorz\u0105d nie zapomina tak\u017ce o ochronie \u015brodowiska. Opracowanie Programu ochrony \u015brodowiska przed ha\u0142asem to 550 tys. z\u0142, a Raportu Programu Ochrony \u015arodowiska \u2013 50 tys. z\u0142. \u015arodki na edukacj\u0119 ekologiczn\u0105 wynosz\u0105 500 tys. z\u0142. Na aktualizacj\u0119 program\u00f3w: Program ochrony powietrza wraz z planem dzia\u0142a\u0144 kr\u00f3tkoterminowych dla strefy lubuskiej, Program ochrony powietrza wraz z planem dzia\u0142a\u0144 kr\u00f3tkoterminowych dla strefy miasto Gorz\u00f3w Wlkp. Program ochrony powietrza wraz z planem dzia\u0142a\u0144 kr\u00f3tkoterminowych dla strefy miasto Zielona G\u00f3ra \u2013 350 tys. z\u0142.<\/p>\n\n\n\n<p><strong>Biuro projekt\u00f3w w\u0142asnych z du\u017cymi projektami<\/strong><\/p>\n\n\n\n<p>Plan bud\u017cetu Biura Projekt\u00f3w W\u0142asnych i Spo\u0142ecze\u0144stwa Informacyjnego na 2023 r. wynosi 131,7 mln z\u0142. Najwa\u017cniejsze projekty to: \u201ePark Technologii Kosmicznych\u201d &#8211; 57 mln z\u0142, \u201eMedBrain L \u2013 lubuski projekt wsparcia diagnostyki i medycyny systemami Sztucznej Inteligencji\u201d \u2013 9,4 mln z\u0142, \u201eRewitalizacja budynku Wielospecjalistycznego Szpitala Wojew\u00f3dzkiego w Gorzowie Wlkp. na potrzeby Lubuskiego Centrum Kompetencji Cyfrowych i Us\u0142ug Wsp\u00f3lnych\u201d &#8211; 33,3 mln z\u0142, \u201eLubuskie Centrum Kompetencji Cyfrowych i Us\u0142ug Wsp\u00f3lnych \u2013 Data Center\u201d &#8211; 31,4 mln z\u0142.<\/p>\n\n\n\n<p><strong>Wsparcie przedsi\u0119biorstw i innowacji<\/strong><\/p>\n\n\n\n<p>W przysz\u0142orocznym bud\u017cecie wojew\u00f3dztwa zapisane zosta\u0142y tak\u017ce \u015brodki na wsparcie przedsi\u0119biorc\u00f3w To projekty \u201eStandardy obs\u0142ugi inwestora w wojew\u00f3dztwie lubuskim (POWER)\u201d &#8211; 656,1 tys. z\u0142, \u201eLubuski System Innowacyjnych Start-up\u00f3w\u201d &#8211; 100 tys. z\u0142, \u201eLubuskie Forum Innowacji. Patent na Lubuskie (RPO)\u201d &#8211; 709,1 tys. z\u0142, \u201ePromocja Wojew\u00f3dztwa Lubuskiego we wsp\u00f3\u0142pracy z partnerami biznesowymi, instytucjami otoczenia biznesu (IOB) i o\u015brodkami naukowo-badawczymi\u201d &#8211; 51 tys. z\u0142.<\/p>\n\n\n\n<p>Wsparcie systemu lubuskich innowacji \u2013 927,8 tys. z\u0142 oraz wsparcie funkcjonowania Laboratorium Dynamiki Manipulator\u00f3w Satelitarnych Centrum Bada\u0144 Kosmicznych Polskiej Akademii Nauk w Zielonej G\u00f3rze &#8211; 794,7 tys. z\u0142.<\/p>\n\n\n\n<p>To tak\u017ce wsparcie dzia\u0142alno\u015bci k\u00f3\u0142 naukowych dzia\u0142aj\u0105cych na uczelniach publicznych \u2013 300 tys. z\u0142.<\/p>\n\n\n\n<p>Na budow\u0119 wzorcowego pasywnego budynku biurowego &#8211; etap I zabezpieczono kwot\u0119 54 mln z\u0142.<\/p>\n\n\n\n<p><strong>Festiwale, targi, enoturystyka<\/strong><\/p>\n\n\n\n<p>Lubuskie b\u0119dzie si\u0119 promowa\u0142o na targach turystycznych, podczas festiwali i wydarze\u0144. Na promocj\u0119 Wojew\u00f3dztwa Lubuskiego podczas festiwali zaplanowano 510 tys. z\u0142, Festiwal Lubuskie Lato Filmowe \u2013 300 tys. z\u0142, \u201e\u015awi\u0119to Wojew\u00f3dztwa Lubuskiego\u201d \u2013 1 mln z\u0142.<\/p>\n\n\n\n<p>To tak\u017ce projekty pn. \u201ePromocja gospodarcza wojew\u00f3dztwa lubuskiego poprzez organizacj\u0119 kampanii promocyjnej sektora turystycznego o zasi\u0119gu krajowym i mi\u0119dzynarodowym oraz targ\u00f3w turystycznych\u201d na kwot\u0119 2,3 mln z\u0142 oraz \u201eKampania edukacyjno-promocyjna \u2013 enoturystyka Lubuskiego Centrum Winiarstwa\u201d \u2013 360 tys. z\u0142.&nbsp;<\/p>\n\n\n\n<p>Marsza\u0142ek El\u017cbieta Anna Polak zdementowa\u0142a te\u017c nieprawdziwe informacje dotycz\u0105ce wydatk\u00f3w na promocj\u0119. \u2013 Bardzo cz\u0119sto powtarzacie za prezydentem Kubickim kwot\u0119 40 milion\u00f3w. Prosz\u0119 popatrze\u0107: to jest 7 mln 700 tysi\u0119cy. W tym rozdziale, gdzie jest promocja wojew\u00f3dztwa lubuskiego, s\u0105 zapisane jeszcze inne zadania, chocia\u017cby organizacja lot\u00f3w i rozw\u00f3j portu regionalnego: 28 mln z\u0142otych \u2013 wyja\u015bni\u0142a.<\/p>\n\n\n\n<p><strong>Dobry, zr\u00f3wnowa\u017cony bud\u017cet<\/strong><\/p>\n\n\n\n<p>\u2013 Dzi\u0119kuj\u0119 zarz\u0105dowi wojew\u00f3dztwa za przygotowanie tego bud\u017cetu. Jest dobry, zr\u00f3wnowa\u017cony \u2013 oceni\u0142 wiceprzewodnicz\u0105cy Sejmiku <strong>Miros\u0142aw Marcinkiewicz<\/strong> z klubu radnych PO: &#8211; To by\u0142a nie\u0142atwa decyzja, by zaci\u0105gn\u0105\u0107 spory kredyt, ale w takiej sytuacji gospodarczej, kt\u00f3ra si\u0119 obecnie dzieje i wobec przewidywa\u0144, jakie mamy, musimy by\u0107 przygotowani na bardzo trudne czasy, ale jednocze\u015bnie nie rezygnowa\u0107 z wa\u017cnych inwestycji, kt\u00f3re s\u0105 rozwojowe dla naszego wojew\u00f3dztwa. Z jednej strony deficyt jest spory, kredyt jest spory, ale warto zauwa\u017cy\u0107, i\u017c wska\u017anik zad\u0142u\u017cenia dochodzi do bodaj\u017ce 41 proc. i jest to ca\u0142kiem dobry, bezpieczny wska\u017anik.<\/p>\n\n\n\n<p>\u2013 Staramy si\u0119 patrze\u0107 na ten bud\u017cet \u0142\u0105cznie z Kontraktem Terytorialnym i tymi 915 mln euro, kt\u00f3re trafi\u0105 do naszego wojew\u00f3dztwa na cele to\u017csame z rzeczami, kt\u00f3re mamy zapisane w bud\u017cecie. Czyli: gospodarka i cyfryzacja, \u015brodowisko i klimat, transport, s\u0142u\u017cba zdrowia, ale te\u017c kultura i turystyka \u2013 wymieni\u0142 M. Marcinkiewicz. &#8211; A czego si\u0119 boimy? Przede wszystkim tego, \u017ce z tych projekt\u00f3w przygotowanych do finansowania z KPO, nic nie b\u0119dzie. Wyra\u017camy te\u017c bardzo du\u017ce obawy zwi\u0105zane z dro\u017cyzn\u0105 \u2013 jako wojew\u00f3dztwo musimy utrzyma\u0107 nasze plac\u00f3wki, a ju\u017c dzisiaj s\u0142yszymy, \u017ce od 1 stycznia VAT na gaz czy pr\u0105d b\u0119dzie najwy\u017cszy w Europie. Szacowanie wp\u0142yw\u00f3w i koszt\u00f3w jest w tym momencie bardzo trudne. Klub radnych Platformy Obywatelskiej b\u0119dzie w pe\u0142ni ten bud\u017cet popiera\u0107.<\/p>\n\n\n\n<p><strong>Lubuskie stypendiami stoi. Radni PSL za bud\u017cetem<\/strong><\/p>\n\n\n\n<p>Stanowisko klubu radnych PSL referowa\u0142 <strong>Zbigniew Ko\u0142odziej<\/strong>: \u2013 Jeste\u015bmy zadowoleni, bo zarz\u0105d wojew\u00f3dztwa uwzgl\u0119dni\u0142 sporo propozycji naszego klubu na szerok\u0105 wsp\u00f3\u0142prac\u0119 z jednostkami samorz\u0105du terytorialnego, lubusk\u0105 baz\u0105 samorz\u0105dow\u0105 oraz organizacjami pozarz\u0105dowymi poprzez konkursy takie jak: Lubuska Baza Sportowa, Lubuska Baza Turystyczna, kontynuacja programu nawadniania boisk pi\u0142karskich. Przewidzieli\u015bmy wsparcie dla lokalnych producent\u00f3w w celu promocji i skracania \u0142a\u0144cucha dostaw pomi\u0119dzy producentami a odbiorcami. Zwi\u0119kszenie dotacji na ochron\u0119 zabytk\u00f3w i opiek\u0119 nad zabytkami pomo\u017ce nam ocali\u0107 jeszcze wi\u0119cej obiekt\u00f3w zabytkowych, a w wojew\u00f3dztwie ich nie brakuje \u2013 m\u00f3wi\u0142 radny Ko\u0142odziej.<\/p>\n\n\n\n<p>\u2013 Lubuskie stypendiami stoi \u2013 tak w skr\u00f3cie mo\u017cna stwierdzi\u0107. Mamy program Lubuskie Talenty, Lubuscy Zawodowcy, stypendia sportowe oraz wsparcie dla nauczycieli, kt\u00f3rzy opiekuj\u0105 si\u0119 stypendystami \u2013 wymienia\u0142 Zbigniew Ko\u0142odziej. &#8211; Inwestycja w stypendia dla kierunku lekarskiego przynosi efekty i dobrze, \u017ce dalej to realizujemy, bo du\u017c\u0105 bol\u0105czk\u0105 jest brak lekarzy i piel\u0119gniarek w naszym wojew\u00f3dztwie.<\/p>\n\n\n\n<p>&#8211; Maj\u0105c powy\u017csze na uwadze, klub radnych PSL b\u0119dzie g\u0142osowa\u0142 za przyj\u0119ciem bud\u017cetu \u2013 podsumowa\u0142 Z. Ko\u0142odziej.<\/p>\n\n\n\n<p><strong>Bezpartyjni Samorz\u0105dowcy za bud\u017cetem<\/strong><\/p>\n\n\n\n<p>To bud\u017cet bardzo odwa\u017cny. Nie tylko dlatego, \u017ce przewiduje zaci\u0105gni\u0119cie 200 mln z\u0142 kredytu, ale te\u017c upilnowanie tego wszystkiego, co zapisane, b\u0119dzie wymaga\u0142o od Zarz\u0105du du\u017cej dyscypliny \u2013 powiedzia\u0142 radny <strong>S\u0142awomir Kowal<\/strong>, prezentuj\u0105c stanowisko klubu Bezpartyjnych Samorz\u0105dowc\u00f3w. \u2013 To, co nas cieszy, to du\u017ce wydatki na innowator\u00f3w i startupy. To, \u017ce to has\u0142o Wojew\u00f3dztwo Zielonych Technologii zaczyna funkcjonowa\u0107.<\/p>\n\n\n\n<p>Radny S. Kowal zwr\u00f3ci\u0142 te\u017c uwag\u0119 na wa\u017cn\u0105 kwesti\u0119 zwi\u0105zan\u0105 z ekologi\u0105 \u2013 na edukacj\u0119 energetyczn\u0105. Zaznaczy\u0142 tak\u017ce, \u017ce w 2023 roku radni BS bacznie b\u0119d\u0105 przygl\u0105da\u0107 si\u0119 dzia\u0142owi: transport.<\/p>\n\n\n\n<p>&#8211; Klub jest za przyj\u0119ciem bud\u017cetu \u2013 stwierdzi\u0142 S\u0142awomir Kowal z klubu Bezpartyjnych Samorz\u0105dowc\u00f3w.<\/p>\n\n\n\n<p><strong>Radni PiS i SL &#8211; przeciw<\/strong><\/p>\n\n\n\n<p><strong>Aleksandra Mrozek<\/strong> z klubu Samorz\u0105dowe Lubuskie stwierdzi\u0142a, \u017ce jest to autorski bud\u017cet zarz\u0105du wojew\u00f3dztwa, a wnioski jej klubu nie zosta\u0142y uwzgl\u0119dnione. Radna popar\u0142a wzrost dofinansowania do programu Lubuska Baza Turystyczna. &#8211; Taka by\u0142a sugestia radnych. Ciesz\u0119 z programu in vitro i szczepienia senior\u00f3w. Ale w pozosta\u0142ych punktach ten bud\u017cet mija si\u0119 z moj\u0105 wizj\u0105 &#8211; doda\u0142a radna A. Mrozek.<\/p>\n\n\n\n<p>\u2013 W dziale \u201ekultura i ochrona dziedzictwa narodowego\u201d jest bardzo pozytywnie \u2013 wzrost a\u017c o 40 proc. To jest \u015bwietna informacja, pani marsza\u0142ek. Za to chc\u0119 zarz\u0105d pochwali\u0107, \u017ce nie boicie si\u0119 inwestowa\u0107 w to, co mie\u015bci si\u0119 w zakresie ochrony dziedzictwa narodowego i kultury: teatry, biblioteki \u2013 podkre\u015bla\u0142 radny klubu PiS <strong>Zbigniew Ko\u015bcik<\/strong>. &#8211; Warto te\u017c zauwa\u017cy\u0107, \u017ce tam s\u0105 pieni\u0105dze pochodz\u0105ce nie tylko z RPO Lubuskie, ale tak\u017ce z Polskiego \u0141adu.<\/p>\n\n\n\n<p>\u2013 Wszyscy popieramy stypendia dla wydzia\u0142u lekarskiego, psychologii klinicznej czy psychoterapii. My\u015bl\u0119, \u017ce mo\u017cna przeznaczy\u0107 stypendia dla kierunk\u00f3w pedagogicznych. Nie mo\u017cemy dzia\u0142a\u0107 jak stra\u017cak, kt\u00f3ry kopie studni\u0119 jak si\u0119 pali \u2013 powinni\u015bmy wyprzedza\u0107 pewne kwestie. Rozumiem, \u017ce po okresie COVID-19 mamy potrzeby w zakresie psychologii i psychoterapii. Za chwil\u0119 b\u0119dziemy mieli podobn\u0105 kwesti\u0119 cho\u0107by w kwestii edukacji student\u00f3w kierunk\u00f3w pedagogicznych. Je\u015bli chodzi o dzia\u0142 \u201eo\u015bwiata i wychowanie\u201d, wzrost to zaledwie 2,15 proc. Jest szansa, by w tym paragrafie ruszy\u0107 brak nowelizacji uchwa\u0142y regulaminu w zakresie dodatk\u00f3w motywacyjnych, funkcyjnych, wychowawczych \u2013 doda\u0142 radny Ko\u015bcik.<\/p>\n\n\n\n<p>W imieniu klubu radnych Prawa i Sprawiedliwo\u015bci <strong>Ma\u0142gorzata Go\u015bniowska-Kola<\/strong> wyrazi\u0142a sprzeciw wobec projektu bud\u017cetu.<\/p>\n\n\n\n<p><strong>B\u0119dziemy realizowa\u0107 inwestycje<\/strong><\/p>\n\n\n\n<p>\u2013 Podsumowuj\u0105c t\u0119 dyskusj\u0119, chcia\u0142abym zwr\u00f3ci\u0107 przede wszystkim uwag\u0119, w jakim jeste\u015bmy miejscu \u2013 powiedzia\u0142a po wyst\u0105pieniach radnych marsza\u0142ek El\u017cbieta Anna Polak. &#8211; Region lubuski zajmuje drugie miejsce w Polsce pod wzgl\u0119dem zamo\u017cno\u015bci mieszka\u0144c\u00f3w. Mamy si\u0119 dobrze. Zajmujemy r\u00f3wnie\u017c drugie miejsce pod wzgl\u0119dem sprzeda\u017cy produkt\u00f3w innowacyjnych w lubuskich firmach. My\u015bl\u0119, \u017ce mamy co promowa\u0107 w zakresie promocji gospodarczej, zw\u0142aszcza \u017ce jest to priorytet w ramach Regionalnego Programu Operacyjnego. &#8211; Chcia\u0142abym zwr\u00f3ci\u0107 pa\u0144stwu uwag\u0119, zw\u0142aszcza krytykom, \u017ce mamy trudn\u0105 sytuacj\u0119 w kraju i s\u0105 to wska\u017aniki makroekonomiczne \u2013 podkre\u015bli\u0142a marsza\u0142ek Polak. &#8211; Dramatyczny wzrost wydatk\u00f3w bie\u017c\u0105cych jest spowodowany wysok\u0105 inflacj\u0105 \u2013 17,5 proc. Poza tym mamy kryzys energetyczny i przed nami bardzo krytyczny rok 2023. Nie zad\u0142u\u017camy jednak bud\u017cetu na wydatki bie\u017c\u0105ce. Kredyt, kt\u00f3ry zaplanowali\u015bmy, dotyczy wy\u0142\u0105cznie wydatk\u00f3w inwestycyjnych. B\u0119dziemy realizowa\u0107 inwestycje dlatego, \u017ce rz\u0105d w Polsce upiera si\u0119 nie by\u0107 praworz\u0105dnym i nie b\u0119dziemy mieli (dwa lata na to czekamy) pieni\u0119dzy z Krajowego Planu Odbudowy i z Polityki Sp\u00f3jno\u015bci. Gdyby te pieni\u0105dze trafi\u0142y ju\u017c do kraju (ale rz\u0105d nie wyst\u0105pi\u0142 nawet o pierwsz\u0105 zaliczk\u0119), nie musieliby\u015bmy zaci\u0105ga\u0107 tak wysokiego kredytu po to, \u017ceby sfinansowa\u0107 inwestycje.<\/p>\n\n\n\n<p><strong>Sytuacja finansowa samorz\u0105d\u00f3w jest wyj\u0105tkowo trudna<\/strong><\/p>\n\n\n\n<p>&#8211; Stypendia dla student\u00f3w pierwszego roku s\u0105 r\u00f3wnie\u017c dla ucz\u0105cych si\u0119 na kierunkach pedagogicznych. To jest odpowied\u017a na wniosek pana radnego &#8211; odpowiedzia\u0142 na pytanie radnego Ko\u015bcika wicemarsza\u0142ek <strong>\u0141ukasz Porycki<\/strong>. &#8211; Instytucje kultury ch\u0119tnie si\u0119gaj\u0105 po \u015brodki centralne, m.in. z Ministerstwa Kultury i Dziedzictwa Narodowego. Wk\u0142ady w\u0142asne zabezpieczamy jako organizator. Z kolei dodatki dla nauczycieli s\u0105 zapisane w uchwale bud\u017cetowej. Mamy r\u00f3wnie\u017c zabezpieczone pieni\u0105dze ze wzgl\u0119du na wzrost p\u0142acy minimalnej.<\/p>\n\n\n\n<p>\u2013 Odpowiadaj\u0105c na pa\u0144stwa pytania, chcia\u0142abym te\u017c zwr\u00f3ci\u0107 uwag\u0119, \u017ce sytuacja finansowa wszystkich samorz\u0105d\u00f3w jest wyj\u0105tkowo trudna r\u00f3wnie\u017c z powodu zmiany w systemie podatkowym. Ubytki z udzia\u0142\u00f3w w podatku PIT tylko w 2023 r. przekrocz\u0105 30 mld z\u0142otych. Rz\u0105d zdaje sobie z tego spraw\u0119, dlatego zaplanowa\u0142 zrekompensowa\u0107 t\u0119 strat\u0119 subwencj\u0105 rozwojow\u0105, ale w przysz\u0142ym roku jej nie b\u0119dzie pomimo hucznych zapowiedzi \u2013 wyja\u015bni\u0142a marsza\u0142ek El\u017cbieta Anna Polak.<\/p>\n\n\n\n<p>\u2013 Apelowali\u015bcie pa\u0144stwo o nale\u017cyte dofinansowanie o\u015bwiaty. Dlaczego jest tak \u017ale w o\u015bwiacie? Subwencja o\u015bwiatowa w 2012 r. wynosi\u0142a 2,42 proc. PKB, a w tym roku \u2013 1,98 proc. Nale\u017cy wi\u0119c domaga\u0107 si\u0119 przede wszystkim zmian systemowych i zmiany systemu finansowania o\u015bwiaty. Nale\u017cy przywr\u00f3ci\u0107 subwencj\u0119 rozwojow\u0105 i wpisa\u0107 do bud\u017cetu pa\u0144stwa rekompensat\u0119 utraconych dochod\u00f3w dla samorz\u0105d\u00f3w \u2013 doda\u0142a marsza\u0142ek Polak.<\/p>\n","protected":false},"excerpt":{"rendered":"<p>Radni Wojew\u00f3dztwa Lubuskiego przyj\u0119li bud\u017cet wojew\u00f3dztwa na rok 2023. Za g\u0142osowa\u0142o 18 radnych, 7 by\u0142o przeciw, trzech wstrzyma\u0142o si\u0119 od g\u0142osu. Wydatki wojew\u00f3dztwa lubuskiego po raz pierwszy przekrocz\u0105 1 mld z\u0142.<\/p>\n","protected":false},"author":1,"featured_media":10882,"comment_status":"open","ping_status":"open","sticky":false,"template":"","format":"standard","meta":{"footnotes":"","_links_to":"","_links_to_target":""},"categories":[597,904,589],"tags":[1919,745,710,1210,1921,1213,1918,1922,1917,1920],"class_list":{"0":"post-10881","1":"post","2":"type-post","3":"status-publish","4":"format-standard","5":"has-post-thumbnail","7":"category-fakty-opinie","8":"category-w-skrocie","9":"category-wiadomosci","10":"tag-aleksandra-mrozek","11":"tag-budzet","12":"tag-elzbieta-anna-polak","13":"tag-lukasz-porycki","14":"tag-malgorzata-gosniowska-kola","15":"tag-miroslaw-marcinkiewicz","16":"tag-slawomir-kowal","17":"tag-wojewodztwo-lubuskie","18":"tag-zbigniew-kolodziej","19":"tag-zbigniew-koscik"},"yoast_head":"<!-- This site is optimized with the Yoast SEO plugin v27.3 - https:\/\/yoast.com\/product\/yoast-seo-wordpress\/ -->\n<title>Wojew\u00f3dztwo ma bud\u017cet na 2023 rok! Wydatki przekrocz\u0105 miliard - Gorz\u00f3w News<\/title>\n<meta name=\"description\" content=\"Radni Wojew\u00f3dztwa Lubuskiego przyj\u0119li bud\u017cet wojew\u00f3dztwa na rok 2023. Za g\u0142osowa\u0142o 18 radnych, 7 by\u0142o przeciw, trzech wstrzyma\u0142o si\u0119 od g\u0142os\" \/>\n<meta name=\"robots\" content=\"index, follow, max-snippet:-1, max-image-preview:large, max-video-preview:-1\" \/>\n<link rel=\"canonical\" href=\"https:\/\/gorzow.news\/index.php\/2022\/12\/19\/wojewodztwo-ma-budzet-na-2023-rok-wydatki-przekrocza-miliard\/\" \/>\n<meta property=\"og:locale\" content=\"pl_PL\" \/>\n<meta property=\"og:type\" content=\"article\" \/>\n<meta property=\"og:title\" content=\"Wojew\u00f3dztwo ma bud\u017cet na 2023 rok! Wydatki przekrocz\u0105 miliard - Gorz\u00f3w News\" \/>\n<meta property=\"og:description\" content=\"Radni Wojew\u00f3dztwa Lubuskiego przyj\u0119li bud\u017cet wojew\u00f3dztwa na rok 2023. Za g\u0142osowa\u0142o 18 radnych, 7 by\u0142o przeciw, trzech wstrzyma\u0142o si\u0119 od g\u0142os\" \/>\n<meta property=\"og:url\" content=\"https:\/\/gorzow.news\/index.php\/2022\/12\/19\/wojewodztwo-ma-budzet-na-2023-rok-wydatki-przekrocza-miliard\/\" \/>\n<meta property=\"og:site_name\" content=\"Gorz\u00f3w News\" \/>\n<meta property=\"article:publisher\" content=\"https:\/\/www.facebook.com\/gorzowskinews\" \/>\n<meta property=\"article:published_time\" content=\"2022-12-19T20:35:00+00:00\" \/>\n<meta property=\"article:modified_time\" content=\"2022-12-21T20:35:46+00:00\" \/>\n<meta property=\"og:image\" content=\"https:\/\/gorzow.news\/wp-content\/uploads\/2022\/12\/bud-woj.jpg\" \/>\n\t<meta property=\"og:image:width\" content=\"1620\" \/>\n\t<meta property=\"og:image:height\" content=\"1080\" \/>\n\t<meta property=\"og:image:type\" content=\"image\/jpeg\" \/>\n<meta name=\"author\" content=\"maciej\" \/>\n<meta name=\"twitter:card\" content=\"summary_large_image\" \/>\n<meta name=\"twitter:label1\" content=\"Napisane przez\" \/>\n\t<meta name=\"twitter:data1\" content=\"maciej\" \/>\n\t<meta name=\"twitter:label2\" content=\"Szacowany czas czytania\" \/>\n\t<meta name=\"twitter:data2\" content=\"16 minut\" \/>\n<script type=\"application\/ld+json\" class=\"yoast-schema-graph\">{\"@context\":\"https:\\\/\\\/schema.org\",\"@graph\":[{\"@type\":\"Article\",\"@id\":\"https:\\\/\\\/gorzow.news\\\/index.php\\\/2022\\\/12\\\/19\\\/wojewodztwo-ma-budzet-na-2023-rok-wydatki-przekrocza-miliard\\\/#article\",\"isPartOf\":{\"@id\":\"https:\\\/\\\/gorzow.news\\\/index.php\\\/2022\\\/12\\\/19\\\/wojewodztwo-ma-budzet-na-2023-rok-wydatki-przekrocza-miliard\\\/\"},\"author\":{\"name\":\"maciej\",\"@id\":\"https:\\\/\\\/gorzow.news\\\/#\\\/schema\\\/person\\\/a1e5ab43166369f2ce236a1cd90995bb\"},\"headline\":\"Wojew\u00f3dztwo ma bud\u017cet na 2023 rok! Wydatki przekrocz\u0105 miliard\",\"datePublished\":\"2022-12-19T20:35:00+00:00\",\"dateModified\":\"2022-12-21T20:35:46+00:00\",\"mainEntityOfPage\":{\"@id\":\"https:\\\/\\\/gorzow.news\\\/index.php\\\/2022\\\/12\\\/19\\\/wojewodztwo-ma-budzet-na-2023-rok-wydatki-przekrocza-miliard\\\/\"},\"wordCount\":3006,\"commentCount\":0,\"image\":{\"@id\":\"https:\\\/\\\/gorzow.news\\\/index.php\\\/2022\\\/12\\\/19\\\/wojewodztwo-ma-budzet-na-2023-rok-wydatki-przekrocza-miliard\\\/#primaryimage\"},\"thumbnailUrl\":\"https:\\\/\\\/gorzow.news\\\/wp-content\\\/uploads\\\/2022\\\/12\\\/bud-woj.jpg\",\"keywords\":[\"Aleksandra Mrozek\",\"bud\u017cet\",\"El\u017cbieta Anna Polak\",\"\u0141ukasz Porycki\",\"Ma\u0142gorzata Go\u015bniowska-Kola\",\"Miros\u0142aw Marcinkiewicz\",\"S\u0142awomir Kowal\",\"wojew\u00f3dztwo lubuskie\",\"Zbigniew Ko\u0142odziej\",\"Zbigniew Ko\u015bcik\"],\"articleSection\":[\"Fakty i opinie\",\"W skr\u00f3cie\",\"Wiadomo\u015bci\"],\"inLanguage\":\"pl-PL\",\"potentialAction\":[{\"@type\":\"CommentAction\",\"name\":\"Comment\",\"target\":[\"https:\\\/\\\/gorzow.news\\\/index.php\\\/2022\\\/12\\\/19\\\/wojewodztwo-ma-budzet-na-2023-rok-wydatki-przekrocza-miliard\\\/#respond\"]}]},{\"@type\":\"WebPage\",\"@id\":\"https:\\\/\\\/gorzow.news\\\/index.php\\\/2022\\\/12\\\/19\\\/wojewodztwo-ma-budzet-na-2023-rok-wydatki-przekrocza-miliard\\\/\",\"url\":\"https:\\\/\\\/gorzow.news\\\/index.php\\\/2022\\\/12\\\/19\\\/wojewodztwo-ma-budzet-na-2023-rok-wydatki-przekrocza-miliard\\\/\",\"name\":\"Wojew\u00f3dztwo ma bud\u017cet na 2023 rok! Wydatki przekrocz\u0105 miliard - Gorz\u00f3w News\",\"isPartOf\":{\"@id\":\"https:\\\/\\\/gorzow.news\\\/#website\"},\"primaryImageOfPage\":{\"@id\":\"https:\\\/\\\/gorzow.news\\\/index.php\\\/2022\\\/12\\\/19\\\/wojewodztwo-ma-budzet-na-2023-rok-wydatki-przekrocza-miliard\\\/#primaryimage\"},\"image\":{\"@id\":\"https:\\\/\\\/gorzow.news\\\/index.php\\\/2022\\\/12\\\/19\\\/wojewodztwo-ma-budzet-na-2023-rok-wydatki-przekrocza-miliard\\\/#primaryimage\"},\"thumbnailUrl\":\"https:\\\/\\\/gorzow.news\\\/wp-content\\\/uploads\\\/2022\\\/12\\\/bud-woj.jpg\",\"datePublished\":\"2022-12-19T20:35:00+00:00\",\"dateModified\":\"2022-12-21T20:35:46+00:00\",\"author\":{\"@id\":\"https:\\\/\\\/gorzow.news\\\/#\\\/schema\\\/person\\\/a1e5ab43166369f2ce236a1cd90995bb\"},\"description\":\"Radni Wojew\u00f3dztwa Lubuskiego przyj\u0119li bud\u017cet wojew\u00f3dztwa na rok 2023. Za g\u0142osowa\u0142o 18 radnych, 7 by\u0142o przeciw, trzech wstrzyma\u0142o si\u0119 od g\u0142osu. Wydatki wojew\u00f3dztwa lubuskiego po raz pierwszy przekrocz\u0105 1 mld z\u0142.\",\"breadcrumb\":{\"@id\":\"https:\\\/\\\/gorzow.news\\\/index.php\\\/2022\\\/12\\\/19\\\/wojewodztwo-ma-budzet-na-2023-rok-wydatki-przekrocza-miliard\\\/#breadcrumb\"},\"inLanguage\":\"pl-PL\",\"potentialAction\":[{\"@type\":\"ReadAction\",\"target\":[\"https:\\\/\\\/gorzow.news\\\/index.php\\\/2022\\\/12\\\/19\\\/wojewodztwo-ma-budzet-na-2023-rok-wydatki-przekrocza-miliard\\\/\"]}]},{\"@type\":\"ImageObject\",\"inLanguage\":\"pl-PL\",\"@id\":\"https:\\\/\\\/gorzow.news\\\/index.php\\\/2022\\\/12\\\/19\\\/wojewodztwo-ma-budzet-na-2023-rok-wydatki-przekrocza-miliard\\\/#primaryimage\",\"url\":\"https:\\\/\\\/gorzow.news\\\/wp-content\\\/uploads\\\/2022\\\/12\\\/bud-woj.jpg\",\"contentUrl\":\"https:\\\/\\\/gorzow.news\\\/wp-content\\\/uploads\\\/2022\\\/12\\\/bud-woj.jpg\",\"width\":1620,\"height\":1080,\"caption\":\"fot. Pawe\u0142 Wa\u0144czko\"},{\"@type\":\"BreadcrumbList\",\"@id\":\"https:\\\/\\\/gorzow.news\\\/index.php\\\/2022\\\/12\\\/19\\\/wojewodztwo-ma-budzet-na-2023-rok-wydatki-przekrocza-miliard\\\/#breadcrumb\",\"itemListElement\":[{\"@type\":\"ListItem\",\"position\":1,\"name\":\"Home\",\"item\":\"https:\\\/\\\/gorzow.news\\\/\"},{\"@type\":\"ListItem\",\"position\":2,\"name\":\"Wojew\u00f3dztwo ma bud\u017cet na 2023 rok! Wydatki przekrocz\u0105 miliard\"}]},{\"@type\":\"WebSite\",\"@id\":\"https:\\\/\\\/gorzow.news\\\/#website\",\"url\":\"https:\\\/\\\/gorzow.news\\\/\",\"name\":\"Gorz\u00f3w News\",\"description\":\"Sp\u00f3jrz inaczej na miato i region...\",\"potentialAction\":[{\"@type\":\"SearchAction\",\"target\":{\"@type\":\"EntryPoint\",\"urlTemplate\":\"https:\\\/\\\/gorzow.news\\\/?s={search_term_string}\"},\"query-input\":{\"@type\":\"PropertyValueSpecification\",\"valueRequired\":true,\"valueName\":\"search_term_string\"}}],\"inLanguage\":\"pl-PL\"},{\"@type\":\"Person\",\"@id\":\"https:\\\/\\\/gorzow.news\\\/#\\\/schema\\\/person\\\/a1e5ab43166369f2ce236a1cd90995bb\",\"name\":\"maciej\",\"image\":{\"@type\":\"ImageObject\",\"inLanguage\":\"pl-PL\",\"@id\":\"https:\\\/\\\/secure.gravatar.com\\\/avatar\\\/530a674d56ba60cfa0ef21d74e8e8d123a51bb7aa6580465b5c2ab2c2e980a19?s=96&r=g&d=https:\\\/\\\/gorzow.news\\\/wp-content\\\/plugins\\\/userswp\\\/assets\\\/images\\\/no_profile.png\",\"url\":\"https:\\\/\\\/secure.gravatar.com\\\/avatar\\\/530a674d56ba60cfa0ef21d74e8e8d123a51bb7aa6580465b5c2ab2c2e980a19?s=96&r=g&d=https:\\\/\\\/gorzow.news\\\/wp-content\\\/plugins\\\/userswp\\\/assets\\\/images\\\/no_profile.png\",\"contentUrl\":\"https:\\\/\\\/secure.gravatar.com\\\/avatar\\\/530a674d56ba60cfa0ef21d74e8e8d123a51bb7aa6580465b5c2ab2c2e980a19?s=96&r=g&d=https:\\\/\\\/gorzow.news\\\/wp-content\\\/plugins\\\/userswp\\\/assets\\\/images\\\/no_profile.png\",\"caption\":\"maciej\"},\"url\":\"https:\\\/\\\/gorzow.news\\\/index.php\\\/profile\\\/maciej\\\/\"}]}<\/script>\n<!-- \/ Yoast SEO plugin. -->","yoast_head_json":{"title":"Wojew\u00f3dztwo ma bud\u017cet na 2023 rok! Wydatki przekrocz\u0105 miliard - Gorz\u00f3w News","description":"Radni Wojew\u00f3dztwa Lubuskiego przyj\u0119li bud\u017cet wojew\u00f3dztwa na rok 2023. Za g\u0142osowa\u0142o 18 radnych, 7 by\u0142o przeciw, trzech wstrzyma\u0142o si\u0119 od g\u0142os","robots":{"index":"index","follow":"follow","max-snippet":"max-snippet:-1","max-image-preview":"max-image-preview:large","max-video-preview":"max-video-preview:-1"},"canonical":"https:\/\/gorzow.news\/index.php\/2022\/12\/19\/wojewodztwo-ma-budzet-na-2023-rok-wydatki-przekrocza-miliard\/","og_locale":"pl_PL","og_type":"article","og_title":"Wojew\u00f3dztwo ma bud\u017cet na 2023 rok! Wydatki przekrocz\u0105 miliard - Gorz\u00f3w News","og_description":"Radni Wojew\u00f3dztwa Lubuskiego przyj\u0119li bud\u017cet wojew\u00f3dztwa na rok 2023. Za g\u0142osowa\u0142o 18 radnych, 7 by\u0142o przeciw, trzech wstrzyma\u0142o si\u0119 od g\u0142os","og_url":"https:\/\/gorzow.news\/index.php\/2022\/12\/19\/wojewodztwo-ma-budzet-na-2023-rok-wydatki-przekrocza-miliard\/","og_site_name":"Gorz\u00f3w News","article_publisher":"https:\/\/www.facebook.com\/gorzowskinews","article_published_time":"2022-12-19T20:35:00+00:00","article_modified_time":"2022-12-21T20:35:46+00:00","og_image":[{"width":1620,"height":1080,"url":"https:\/\/gorzow.news\/wp-content\/uploads\/2022\/12\/bud-woj.jpg","type":"image\/jpeg"}],"author":"maciej","twitter_card":"summary_large_image","twitter_misc":{"Napisane przez":"maciej","Szacowany czas czytania":"16 minut"},"schema":{"@context":"https:\/\/schema.org","@graph":[{"@type":"Article","@id":"https:\/\/gorzow.news\/index.php\/2022\/12\/19\/wojewodztwo-ma-budzet-na-2023-rok-wydatki-przekrocza-miliard\/#article","isPartOf":{"@id":"https:\/\/gorzow.news\/index.php\/2022\/12\/19\/wojewodztwo-ma-budzet-na-2023-rok-wydatki-przekrocza-miliard\/"},"author":{"name":"maciej","@id":"https:\/\/gorzow.news\/#\/schema\/person\/a1e5ab43166369f2ce236a1cd90995bb"},"headline":"Wojew\u00f3dztwo ma bud\u017cet na 2023 rok! Wydatki przekrocz\u0105 miliard","datePublished":"2022-12-19T20:35:00+00:00","dateModified":"2022-12-21T20:35:46+00:00","mainEntityOfPage":{"@id":"https:\/\/gorzow.news\/index.php\/2022\/12\/19\/wojewodztwo-ma-budzet-na-2023-rok-wydatki-przekrocza-miliard\/"},"wordCount":3006,"commentCount":0,"image":{"@id":"https:\/\/gorzow.news\/index.php\/2022\/12\/19\/wojewodztwo-ma-budzet-na-2023-rok-wydatki-przekrocza-miliard\/#primaryimage"},"thumbnailUrl":"https:\/\/gorzow.news\/wp-content\/uploads\/2022\/12\/bud-woj.jpg","keywords":["Aleksandra Mrozek","bud\u017cet","El\u017cbieta Anna Polak","\u0141ukasz Porycki","Ma\u0142gorzata Go\u015bniowska-Kola","Miros\u0142aw Marcinkiewicz","S\u0142awomir Kowal","wojew\u00f3dztwo lubuskie","Zbigniew Ko\u0142odziej","Zbigniew Ko\u015bcik"],"articleSection":["Fakty i opinie","W skr\u00f3cie","Wiadomo\u015bci"],"inLanguage":"pl-PL","potentialAction":[{"@type":"CommentAction","name":"Comment","target":["https:\/\/gorzow.news\/index.php\/2022\/12\/19\/wojewodztwo-ma-budzet-na-2023-rok-wydatki-przekrocza-miliard\/#respond"]}]},{"@type":"WebPage","@id":"https:\/\/gorzow.news\/index.php\/2022\/12\/19\/wojewodztwo-ma-budzet-na-2023-rok-wydatki-przekrocza-miliard\/","url":"https:\/\/gorzow.news\/index.php\/2022\/12\/19\/wojewodztwo-ma-budzet-na-2023-rok-wydatki-przekrocza-miliard\/","name":"Wojew\u00f3dztwo ma bud\u017cet na 2023 rok! Wydatki przekrocz\u0105 miliard - Gorz\u00f3w News","isPartOf":{"@id":"https:\/\/gorzow.news\/#website"},"primaryImageOfPage":{"@id":"https:\/\/gorzow.news\/index.php\/2022\/12\/19\/wojewodztwo-ma-budzet-na-2023-rok-wydatki-przekrocza-miliard\/#primaryimage"},"image":{"@id":"https:\/\/gorzow.news\/index.php\/2022\/12\/19\/wojewodztwo-ma-budzet-na-2023-rok-wydatki-przekrocza-miliard\/#primaryimage"},"thumbnailUrl":"https:\/\/gorzow.news\/wp-content\/uploads\/2022\/12\/bud-woj.jpg","datePublished":"2022-12-19T20:35:00+00:00","dateModified":"2022-12-21T20:35:46+00:00","author":{"@id":"https:\/\/gorzow.news\/#\/schema\/person\/a1e5ab43166369f2ce236a1cd90995bb"},"description":"Radni Wojew\u00f3dztwa Lubuskiego przyj\u0119li bud\u017cet wojew\u00f3dztwa na rok 2023. Za g\u0142osowa\u0142o 18 radnych, 7 by\u0142o przeciw, trzech wstrzyma\u0142o si\u0119 od g\u0142osu. Wydatki wojew\u00f3dztwa lubuskiego po raz pierwszy przekrocz\u0105 1 mld z\u0142.","breadcrumb":{"@id":"https:\/\/gorzow.news\/index.php\/2022\/12\/19\/wojewodztwo-ma-budzet-na-2023-rok-wydatki-przekrocza-miliard\/#breadcrumb"},"inLanguage":"pl-PL","potentialAction":[{"@type":"ReadAction","target":["https:\/\/gorzow.news\/index.php\/2022\/12\/19\/wojewodztwo-ma-budzet-na-2023-rok-wydatki-przekrocza-miliard\/"]}]},{"@type":"ImageObject","inLanguage":"pl-PL","@id":"https:\/\/gorzow.news\/index.php\/2022\/12\/19\/wojewodztwo-ma-budzet-na-2023-rok-wydatki-przekrocza-miliard\/#primaryimage","url":"https:\/\/gorzow.news\/wp-content\/uploads\/2022\/12\/bud-woj.jpg","contentUrl":"https:\/\/gorzow.news\/wp-content\/uploads\/2022\/12\/bud-woj.jpg","width":1620,"height":1080,"caption":"fot. Pawe\u0142 Wa\u0144czko"},{"@type":"BreadcrumbList","@id":"https:\/\/gorzow.news\/index.php\/2022\/12\/19\/wojewodztwo-ma-budzet-na-2023-rok-wydatki-przekrocza-miliard\/#breadcrumb","itemListElement":[{"@type":"ListItem","position":1,"name":"Home","item":"https:\/\/gorzow.news\/"},{"@type":"ListItem","position":2,"name":"Wojew\u00f3dztwo ma bud\u017cet na 2023 rok! Wydatki przekrocz\u0105 miliard"}]},{"@type":"WebSite","@id":"https:\/\/gorzow.news\/#website","url":"https:\/\/gorzow.news\/","name":"Gorz\u00f3w News","description":"Sp\u00f3jrz inaczej na miato i region...","potentialAction":[{"@type":"SearchAction","target":{"@type":"EntryPoint","urlTemplate":"https:\/\/gorzow.news\/?s={search_term_string}"},"query-input":{"@type":"PropertyValueSpecification","valueRequired":true,"valueName":"search_term_string"}}],"inLanguage":"pl-PL"},{"@type":"Person","@id":"https:\/\/gorzow.news\/#\/schema\/person\/a1e5ab43166369f2ce236a1cd90995bb","name":"maciej","image":{"@type":"ImageObject","inLanguage":"pl-PL","@id":"https:\/\/secure.gravatar.com\/avatar\/530a674d56ba60cfa0ef21d74e8e8d123a51bb7aa6580465b5c2ab2c2e980a19?s=96&r=g&d=https:\/\/gorzow.news\/wp-content\/plugins\/userswp\/assets\/images\/no_profile.png","url":"https:\/\/secure.gravatar.com\/avatar\/530a674d56ba60cfa0ef21d74e8e8d123a51bb7aa6580465b5c2ab2c2e980a19?s=96&r=g&d=https:\/\/gorzow.news\/wp-content\/plugins\/userswp\/assets\/images\/no_profile.png","contentUrl":"https:\/\/secure.gravatar.com\/avatar\/530a674d56ba60cfa0ef21d74e8e8d123a51bb7aa6580465b5c2ab2c2e980a19?s=96&r=g&d=https:\/\/gorzow.news\/wp-content\/plugins\/userswp\/assets\/images\/no_profile.png","caption":"maciej"},"url":"https:\/\/gorzow.news\/index.php\/profile\/maciej\/"}]}},"_links":{"self":[{"href":"https:\/\/gorzow.news\/index.php\/wp-json\/wp\/v2\/posts\/10881","targetHints":{"allow":["GET"]}}],"collection":[{"href":"https:\/\/gorzow.news\/index.php\/wp-json\/wp\/v2\/posts"}],"about":[{"href":"https:\/\/gorzow.news\/index.php\/wp-json\/wp\/v2\/types\/post"}],"author":[{"embeddable":true,"href":"https:\/\/gorzow.news\/index.php\/wp-json\/wp\/v2\/users\/1"}],"replies":[{"embeddable":true,"href":"https:\/\/gorzow.news\/index.php\/wp-json\/wp\/v2\/comments?post=10881"}],"version-history":[{"count":0,"href":"https:\/\/gorzow.news\/index.php\/wp-json\/wp\/v2\/posts\/10881\/revisions"}],"wp:featuredmedia":[{"embeddable":true,"href":"https:\/\/gorzow.news\/index.php\/wp-json\/wp\/v2\/media\/10882"}],"wp:attachment":[{"href":"https:\/\/gorzow.news\/index.php\/wp-json\/wp\/v2\/media?parent=10881"}],"wp:term":[{"taxonomy":"category","embeddable":true,"href":"https:\/\/gorzow.news\/index.php\/wp-json\/wp\/v2\/categories?post=10881"},{"taxonomy":"post_tag","embeddable":true,"href":"https:\/\/gorzow.news\/index.php\/wp-json\/wp\/v2\/tags?post=10881"}],"curies":[{"name":"wp","href":"https:\/\/api.w.org\/{rel}","templated":true}]}}