{"id":10808,"date":"2022-12-15T13:33:00","date_gmt":"2022-12-15T12:33:00","guid":{"rendered":"https:\/\/gorzow.news\/?p=10808"},"modified":"2023-01-29T18:02:42","modified_gmt":"2023-01-29T17:02:42","slug":"polubiliscie-dealz-bedzie-drugi-sklep-tej-sieciowki-gdzie-i-kiedy","status":"publish","type":"post","link":"https:\/\/gorzow.news\/index.php\/2022\/12\/15\/polubiliscie-dealz-bedzie-drugi-sklep-tej-sieciowki-gdzie-i-kiedy\/","title":{"rendered":"Polubili\u015bcie Dealz? B\u0119dzie drugi sklep tej sieci\u00f3wki! Gdzie i kiedy?"},"content":{"rendered":"\n<p><strong>W pa\u017adzierniku ubieg\u0142ego roku otwarty zosta\u0142 park handlowy N-Park przy ul. Chemicznej. Wraz z nim pierwszy w Gorzowskie brytyjski sklep Dealz b\u0119d\u0105cy cz\u0119\u015bci\u0105 grupy Pepco. Sklep oferuj\u0105cy oko\u0142o trzy tysi\u0105ce produkt\u00f3w znanych marek \u017cywno\u015bci, \u015brodk\u00f3w czysto\u015bci, higieny osobistej czy zabawek zosta\u0142 dobrze przyj\u0119ty. Cz\u0119sto zdarza si\u0119 \u017ce do kas w sklepie ustawiaj\u0105 si\u0119 d\u0142ugie kolejki. Zainteresowanie mieszka\u0144c\u00f3w ofert\u0105 sklepu musia\u0142o zosta\u0107 dostrze\u017cone, bo sieci\u00f3wka zdecydowa\u0142a si\u0119 na otwarcie ju\u017c na pocz\u0105tku przysz\u0142ego roku drugiego punkty. Tym razem w innej cz\u0119\u015bci miasta.<\/strong><\/p>\n\n\n\n<p>Drugi w Gorzowie sklep Dealz zostanie otwarty w I kwartale 2023 roku w Galerii Askana przy al. Konstytucji 3 Maja.<\/p>\n\n\n\n<p>Brytyjska sieci\u00f3wka rozpocz\u0119\u0142a ju\u017c kompletowanie kadry pracowniczej do nowego sklepu.<\/p>\n\n\n\n<p>Dla Galerii Askana otwarcie sklepu Dealz mo\u017ce si\u0119 okaza\u0107 pierwszym znacz\u0105cym oddechem od czasu pandemii. W ostatnich dw\u00f3ch latach sporo powierzchni handlowej w Askanie zosta\u0142o zwolnione. Co go\u0142ym okiem jest widoczne, gdy spaceruje si\u0119 po obiekcie. O tym, \u017ce nie dzia\u0142o si\u0119 tu zbyt dobrze \u015bwiadczy cho\u0107by zamkni\u0119cie w ostatnim czasie dzia\u0142aj\u0105cej tu od otwarcia Galerii Askana we wrze\u015bniu 2007 roku lodziarni Grycan. Wiele punkt\u00f3w handlowych zosta\u0142o zamkni\u0119tych. Nie by\u0142o jednak s\u0142ycha\u0107 o nowych otwarciach. Przeciwnie do centrum handlowego NoVa Park, kt\u00f3re ko\u0144cz\u0105cy si\u0119 rok mo\u017ce uda\u0107 pod tym wzgl\u0119dem za bardzo udany. Czy rok 2023, b\u0119dzie rokiem otwar\u0107 w Galerii Askana? Oby, bo w klimatycznej Askanie brakuje cho\u0107by bogatszej oferty gastronomicznej.<\/p>\n\n\n\n<p><strong>Przeczytaj te\u017c:<\/strong><br>&#8211; <a href=\"https:\/\/gorzow.news\/index.php\/2022\/12\/14\/tlumy-na-otwarciu-carrefoura-zobacz-jak-wyglada-nowy-sklep-zdjecia\/\">T\u0142umy na otwarciu Carrefoura! Zobacz jak wygl\u0105da nowy sklep! (zdj\u0119cia)<\/a><br>&#8211; <a href=\"https:\/\/gorzow.news\/index.php\/2022\/12\/05\/kaufland-po-przebudowie-co-sie-zmienilo-zdjecia\/\">Kaufland po przebudowie! Co si\u0119 zmieni\u0142o? (zdj\u0119cia)<\/a><br>&#8211; <a href=\"https:\/\/gorzow.news\/index.php\/2022\/12\/05\/so-coffee-juz-od-kilku-dni-zaprasza-na-kawe-zdjecia\/\">So Coffee ju\u017c od kilku dni zaprasza na kaw\u0119 (zdj\u0119cia)<\/a><br>&#8211; <a href=\"https:\/\/gorzow.news\/index.php\/2022\/11\/30\/budowa-vendo-parku-przy-mysliborskiej-rozpoczeta-jakie-sklepy-kiedy-otwarcie-zdjecia\/\">Budowa Vendo Parku przy My\u015bliborskiej rozpocz\u0119ta! Jakie sklepy? Kiedy otwarcie? (zdj\u0119cia)<\/a><br>&#8211; <a href=\"https:\/\/gorzow.news\/index.php\/2022\/11\/24\/n-park-przy-chemicznej-prace-budowlane-czas-na-rozbudowe-przejscie-od-walczaka-zdjecia\/\">N-Park przy Chemicznej: Prace budowlane! Czas na rozbudow\u0119? Przej\u015bcie od Walczaka? (zdj\u0119cia)<\/a><\/p>\n","protected":false},"excerpt":{"rendered":"<p>W pa\u017adzierniku ubieg\u0142ego roku otwarty zosta\u0142 park handlowy N-Park przy ul. Chemicznej. Wraz z nim pierwszy w Gorzowskie brytyjski sklep Dealz b\u0119d\u0105cy cz\u0119\u015bci\u0105 grupy Pepco. Sklep oferuj\u0105cy oko\u0142o trzy tysi\u0105ce produkt\u00f3w znanych marek \u017cywno\u015bci, \u015brodk\u00f3w czysto\u015bci, higieny osobistej czy zabawek zosta\u0142 dobrze przyj\u0119ty. Cz\u0119sto zdarza si\u0119 \u017ce do kas w sklepie ustawiaj\u0105 si\u0119 d\u0142ugie kolejki. Zainteresowanie mieszka\u0144c\u00f3w ofert\u0105 sklepu musia\u0142o zosta\u0107 dostrze\u017cone, bo sieci\u00f3wka zdecydowa\u0142a si\u0119 na otwarcie ju\u017c na pocz\u0105tku przysz\u0142ego roku drugiego punkty. Tym razem w innej cz\u0119\u015bci miasta.<\/p>\n","protected":false},"author":1,"featured_media":10809,"comment_status":"open","ping_status":"open","sticky":false,"template":"","format":"standard","meta":{"footnotes":"","_links_to":"","_links_to_target":""},"categories":[1624,589],"tags":[134,646,96,1905,1257,126],"class_list":{"0":"post-10808","1":"post","2":"type-post","3":"status-publish","4":"format-standard","5":"has-post-thumbnail","7":"category-inwestycje-handlowe","8":"category-wiadomosci","9":"tag-chemiczna","10":"tag-dealz","11":"tag-galeria-askana","12":"tag-grycan","13":"tag-konstytucja-3-maja","14":"tag-n-park"},"yoast_head":"<!-- This site is optimized with the Yoast SEO plugin v27.3 - https:\/\/yoast.com\/product\/yoast-seo-wordpress\/ -->\n<title>Polubili\u015bcie Dealz? B\u0119dzie drugi sklep tej sieci\u00f3wki! Gdzie i kiedy? - Gorz\u00f3w News<\/title>\n<meta name=\"robots\" content=\"index, follow, max-snippet:-1, max-image-preview:large, max-video-preview:-1\" \/>\n<link rel=\"canonical\" href=\"https:\/\/gorzow.news\/index.php\/2022\/12\/15\/polubiliscie-dealz-bedzie-drugi-sklep-tej-sieciowki-gdzie-i-kiedy\/\" \/>\n<meta property=\"og:locale\" content=\"pl_PL\" \/>\n<meta property=\"og:type\" content=\"article\" \/>\n<meta property=\"og:title\" content=\"Polubili\u015bcie Dealz? B\u0119dzie drugi sklep tej sieci\u00f3wki! Gdzie i kiedy? - Gorz\u00f3w News\" \/>\n<meta property=\"og:description\" content=\"\" \/>\n<meta property=\"og:url\" content=\"https:\/\/gorzow.news\/index.php\/2022\/12\/15\/polubiliscie-dealz-bedzie-drugi-sklep-tej-sieciowki-gdzie-i-kiedy\/\" \/>\n<meta property=\"og:site_name\" content=\"Gorz\u00f3w News\" \/>\n<meta property=\"article:publisher\" content=\"https:\/\/www.facebook.com\/gorzowskinews\" \/>\n<meta property=\"article:published_time\" content=\"2022-12-15T12:33:00+00:00\" \/>\n<meta property=\"article:modified_time\" content=\"2023-01-29T17:02:42+00:00\" \/>\n<meta property=\"og:image\" content=\"https:\/\/gorzow.news\/wp-content\/uploads\/2022\/12\/IMG_20221214_112253_1.jpg\" \/>\n\t<meta property=\"og:image:width\" content=\"1600\" \/>\n\t<meta property=\"og:image:height\" content=\"757\" \/>\n\t<meta property=\"og:image:type\" content=\"image\/jpeg\" \/>\n<meta name=\"author\" content=\"maciej\" \/>\n<meta name=\"twitter:card\" content=\"summary_large_image\" \/>\n<meta name=\"twitter:label1\" content=\"Napisane przez\" \/>\n\t<meta name=\"twitter:data1\" content=\"maciej\" \/>\n\t<meta name=\"twitter:label2\" content=\"Szacowany czas czytania\" \/>\n\t<meta name=\"twitter:data2\" content=\"2 minuty\" \/>\n<script type=\"application\/ld+json\" class=\"yoast-schema-graph\">{\"@context\":\"https:\\\/\\\/schema.org\",\"@graph\":[{\"@type\":\"Article\",\"@id\":\"https:\\\/\\\/gorzow.news\\\/index.php\\\/2022\\\/12\\\/15\\\/polubiliscie-dealz-bedzie-drugi-sklep-tej-sieciowki-gdzie-i-kiedy\\\/#article\",\"isPartOf\":{\"@id\":\"https:\\\/\\\/gorzow.news\\\/index.php\\\/2022\\\/12\\\/15\\\/polubiliscie-dealz-bedzie-drugi-sklep-tej-sieciowki-gdzie-i-kiedy\\\/\"},\"author\":{\"name\":\"maciej\",\"@id\":\"https:\\\/\\\/gorzow.news\\\/#\\\/schema\\\/person\\\/a1e5ab43166369f2ce236a1cd90995bb\"},\"headline\":\"Polubili\u015bcie Dealz? B\u0119dzie drugi sklep tej sieci\u00f3wki! Gdzie i kiedy?\",\"datePublished\":\"2022-12-15T12:33:00+00:00\",\"dateModified\":\"2023-01-29T17:02:42+00:00\",\"mainEntityOfPage\":{\"@id\":\"https:\\\/\\\/gorzow.news\\\/index.php\\\/2022\\\/12\\\/15\\\/polubiliscie-dealz-bedzie-drugi-sklep-tej-sieciowki-gdzie-i-kiedy\\\/\"},\"wordCount\":349,\"commentCount\":0,\"image\":{\"@id\":\"https:\\\/\\\/gorzow.news\\\/index.php\\\/2022\\\/12\\\/15\\\/polubiliscie-dealz-bedzie-drugi-sklep-tej-sieciowki-gdzie-i-kiedy\\\/#primaryimage\"},\"thumbnailUrl\":\"https:\\\/\\\/gorzow.news\\\/wp-content\\\/uploads\\\/2022\\\/12\\\/IMG_20221214_112253_1.jpg\",\"keywords\":[\"Chemiczna\",\"Dealz\",\"Galeria Askana\",\"Grycan\",\"Konstytucja 3 Maja\",\"N-Park\"],\"articleSection\":[\"Inwestycje handlowe\",\"Wiadomo\u015bci\"],\"inLanguage\":\"pl-PL\",\"potentialAction\":[{\"@type\":\"CommentAction\",\"name\":\"Comment\",\"target\":[\"https:\\\/\\\/gorzow.news\\\/index.php\\\/2022\\\/12\\\/15\\\/polubiliscie-dealz-bedzie-drugi-sklep-tej-sieciowki-gdzie-i-kiedy\\\/#respond\"]}]},{\"@type\":\"WebPage\",\"@id\":\"https:\\\/\\\/gorzow.news\\\/index.php\\\/2022\\\/12\\\/15\\\/polubiliscie-dealz-bedzie-drugi-sklep-tej-sieciowki-gdzie-i-kiedy\\\/\",\"url\":\"https:\\\/\\\/gorzow.news\\\/index.php\\\/2022\\\/12\\\/15\\\/polubiliscie-dealz-bedzie-drugi-sklep-tej-sieciowki-gdzie-i-kiedy\\\/\",\"name\":\"Polubili\u015bcie Dealz? B\u0119dzie drugi sklep tej sieci\u00f3wki! Gdzie i kiedy? - Gorz\u00f3w News\",\"isPartOf\":{\"@id\":\"https:\\\/\\\/gorzow.news\\\/#website\"},\"primaryImageOfPage\":{\"@id\":\"https:\\\/\\\/gorzow.news\\\/index.php\\\/2022\\\/12\\\/15\\\/polubiliscie-dealz-bedzie-drugi-sklep-tej-sieciowki-gdzie-i-kiedy\\\/#primaryimage\"},\"image\":{\"@id\":\"https:\\\/\\\/gorzow.news\\\/index.php\\\/2022\\\/12\\\/15\\\/polubiliscie-dealz-bedzie-drugi-sklep-tej-sieciowki-gdzie-i-kiedy\\\/#primaryimage\"},\"thumbnailUrl\":\"https:\\\/\\\/gorzow.news\\\/wp-content\\\/uploads\\\/2022\\\/12\\\/IMG_20221214_112253_1.jpg\",\"datePublished\":\"2022-12-15T12:33:00+00:00\",\"dateModified\":\"2023-01-29T17:02:42+00:00\",\"author\":{\"@id\":\"https:\\\/\\\/gorzow.news\\\/#\\\/schema\\\/person\\\/a1e5ab43166369f2ce236a1cd90995bb\"},\"breadcrumb\":{\"@id\":\"https:\\\/\\\/gorzow.news\\\/index.php\\\/2022\\\/12\\\/15\\\/polubiliscie-dealz-bedzie-drugi-sklep-tej-sieciowki-gdzie-i-kiedy\\\/#breadcrumb\"},\"inLanguage\":\"pl-PL\",\"potentialAction\":[{\"@type\":\"ReadAction\",\"target\":[\"https:\\\/\\\/gorzow.news\\\/index.php\\\/2022\\\/12\\\/15\\\/polubiliscie-dealz-bedzie-drugi-sklep-tej-sieciowki-gdzie-i-kiedy\\\/\"]}]},{\"@type\":\"ImageObject\",\"inLanguage\":\"pl-PL\",\"@id\":\"https:\\\/\\\/gorzow.news\\\/index.php\\\/2022\\\/12\\\/15\\\/polubiliscie-dealz-bedzie-drugi-sklep-tej-sieciowki-gdzie-i-kiedy\\\/#primaryimage\",\"url\":\"https:\\\/\\\/gorzow.news\\\/wp-content\\\/uploads\\\/2022\\\/12\\\/IMG_20221214_112253_1.jpg\",\"contentUrl\":\"https:\\\/\\\/gorzow.news\\\/wp-content\\\/uploads\\\/2022\\\/12\\\/IMG_20221214_112253_1.jpg\",\"width\":1600,\"height\":757,\"caption\":\"Drugi w mie\u015bcie sklep Dealz zostanie otwarty w Galerii Askana.\"},{\"@type\":\"BreadcrumbList\",\"@id\":\"https:\\\/\\\/gorzow.news\\\/index.php\\\/2022\\\/12\\\/15\\\/polubiliscie-dealz-bedzie-drugi-sklep-tej-sieciowki-gdzie-i-kiedy\\\/#breadcrumb\",\"itemListElement\":[{\"@type\":\"ListItem\",\"position\":1,\"name\":\"Home\",\"item\":\"https:\\\/\\\/gorzow.news\\\/\"},{\"@type\":\"ListItem\",\"position\":2,\"name\":\"Polubili\u015bcie Dealz? B\u0119dzie drugi sklep tej sieci\u00f3wki! Gdzie i kiedy?\"}]},{\"@type\":\"WebSite\",\"@id\":\"https:\\\/\\\/gorzow.news\\\/#website\",\"url\":\"https:\\\/\\\/gorzow.news\\\/\",\"name\":\"Gorz\u00f3w News\",\"description\":\"Sp\u00f3jrz inaczej na miato i region...\",\"potentialAction\":[{\"@type\":\"SearchAction\",\"target\":{\"@type\":\"EntryPoint\",\"urlTemplate\":\"https:\\\/\\\/gorzow.news\\\/?s={search_term_string}\"},\"query-input\":{\"@type\":\"PropertyValueSpecification\",\"valueRequired\":true,\"valueName\":\"search_term_string\"}}],\"inLanguage\":\"pl-PL\"},{\"@type\":\"Person\",\"@id\":\"https:\\\/\\\/gorzow.news\\\/#\\\/schema\\\/person\\\/a1e5ab43166369f2ce236a1cd90995bb\",\"name\":\"maciej\",\"image\":{\"@type\":\"ImageObject\",\"inLanguage\":\"pl-PL\",\"@id\":\"https:\\\/\\\/secure.gravatar.com\\\/avatar\\\/530a674d56ba60cfa0ef21d74e8e8d123a51bb7aa6580465b5c2ab2c2e980a19?s=96&r=g&d=https:\\\/\\\/gorzow.news\\\/wp-content\\\/plugins\\\/userswp\\\/assets\\\/images\\\/no_profile.png\",\"url\":\"https:\\\/\\\/secure.gravatar.com\\\/avatar\\\/530a674d56ba60cfa0ef21d74e8e8d123a51bb7aa6580465b5c2ab2c2e980a19?s=96&r=g&d=https:\\\/\\\/gorzow.news\\\/wp-content\\\/plugins\\\/userswp\\\/assets\\\/images\\\/no_profile.png\",\"contentUrl\":\"https:\\\/\\\/secure.gravatar.com\\\/avatar\\\/530a674d56ba60cfa0ef21d74e8e8d123a51bb7aa6580465b5c2ab2c2e980a19?s=96&r=g&d=https:\\\/\\\/gorzow.news\\\/wp-content\\\/plugins\\\/userswp\\\/assets\\\/images\\\/no_profile.png\",\"caption\":\"maciej\"},\"url\":\"https:\\\/\\\/gorzow.news\\\/index.php\\\/profile\\\/maciej\\\/\"}]}<\/script>\n<!-- \/ Yoast SEO plugin. -->","yoast_head_json":{"title":"Polubili\u015bcie Dealz? B\u0119dzie drugi sklep tej sieci\u00f3wki! Gdzie i kiedy? - Gorz\u00f3w News","robots":{"index":"index","follow":"follow","max-snippet":"max-snippet:-1","max-image-preview":"max-image-preview:large","max-video-preview":"max-video-preview:-1"},"canonical":"https:\/\/gorzow.news\/index.php\/2022\/12\/15\/polubiliscie-dealz-bedzie-drugi-sklep-tej-sieciowki-gdzie-i-kiedy\/","og_locale":"pl_PL","og_type":"article","og_title":"Polubili\u015bcie Dealz? B\u0119dzie drugi sklep tej sieci\u00f3wki! Gdzie i kiedy? - Gorz\u00f3w News","og_description":"W pa\u017adzierniku ubieg\u0142ego roku otwarty zosta\u0142 park handlowy N-Park przy ul. Chemicznej. Wraz z nim pierwszy w Gorzowskie brytyjski sklep Dealz b\u0119d?","og_url":"https:\/\/gorzow.news\/index.php\/2022\/12\/15\/polubiliscie-dealz-bedzie-drugi-sklep-tej-sieciowki-gdzie-i-kiedy\/","og_site_name":"Gorz\u00f3w News","article_publisher":"https:\/\/www.facebook.com\/gorzowskinews","article_published_time":"2022-12-15T12:33:00+00:00","article_modified_time":"2023-01-29T17:02:42+00:00","og_image":[{"width":1600,"height":757,"url":"https:\/\/gorzow.news\/wp-content\/uploads\/2022\/12\/IMG_20221214_112253_1.jpg","type":"image\/jpeg"}],"author":"maciej","twitter_card":"summary_large_image","twitter_misc":{"Napisane przez":"maciej","Szacowany czas czytania":"2 minuty"},"schema":{"@context":"https:\/\/schema.org","@graph":[{"@type":"Article","@id":"https:\/\/gorzow.news\/index.php\/2022\/12\/15\/polubiliscie-dealz-bedzie-drugi-sklep-tej-sieciowki-gdzie-i-kiedy\/#article","isPartOf":{"@id":"https:\/\/gorzow.news\/index.php\/2022\/12\/15\/polubiliscie-dealz-bedzie-drugi-sklep-tej-sieciowki-gdzie-i-kiedy\/"},"author":{"name":"maciej","@id":"https:\/\/gorzow.news\/#\/schema\/person\/a1e5ab43166369f2ce236a1cd90995bb"},"headline":"Polubili\u015bcie Dealz? B\u0119dzie drugi sklep tej sieci\u00f3wki! Gdzie i kiedy?","datePublished":"2022-12-15T12:33:00+00:00","dateModified":"2023-01-29T17:02:42+00:00","mainEntityOfPage":{"@id":"https:\/\/gorzow.news\/index.php\/2022\/12\/15\/polubiliscie-dealz-bedzie-drugi-sklep-tej-sieciowki-gdzie-i-kiedy\/"},"wordCount":349,"commentCount":0,"image":{"@id":"https:\/\/gorzow.news\/index.php\/2022\/12\/15\/polubiliscie-dealz-bedzie-drugi-sklep-tej-sieciowki-gdzie-i-kiedy\/#primaryimage"},"thumbnailUrl":"https:\/\/gorzow.news\/wp-content\/uploads\/2022\/12\/IMG_20221214_112253_1.jpg","keywords":["Chemiczna","Dealz","Galeria Askana","Grycan","Konstytucja 3 Maja","N-Park"],"articleSection":["Inwestycje handlowe","Wiadomo\u015bci"],"inLanguage":"pl-PL","potentialAction":[{"@type":"CommentAction","name":"Comment","target":["https:\/\/gorzow.news\/index.php\/2022\/12\/15\/polubiliscie-dealz-bedzie-drugi-sklep-tej-sieciowki-gdzie-i-kiedy\/#respond"]}]},{"@type":"WebPage","@id":"https:\/\/gorzow.news\/index.php\/2022\/12\/15\/polubiliscie-dealz-bedzie-drugi-sklep-tej-sieciowki-gdzie-i-kiedy\/","url":"https:\/\/gorzow.news\/index.php\/2022\/12\/15\/polubiliscie-dealz-bedzie-drugi-sklep-tej-sieciowki-gdzie-i-kiedy\/","name":"Polubili\u015bcie Dealz? B\u0119dzie drugi sklep tej sieci\u00f3wki! Gdzie i kiedy? - Gorz\u00f3w News","isPartOf":{"@id":"https:\/\/gorzow.news\/#website"},"primaryImageOfPage":{"@id":"https:\/\/gorzow.news\/index.php\/2022\/12\/15\/polubiliscie-dealz-bedzie-drugi-sklep-tej-sieciowki-gdzie-i-kiedy\/#primaryimage"},"image":{"@id":"https:\/\/gorzow.news\/index.php\/2022\/12\/15\/polubiliscie-dealz-bedzie-drugi-sklep-tej-sieciowki-gdzie-i-kiedy\/#primaryimage"},"thumbnailUrl":"https:\/\/gorzow.news\/wp-content\/uploads\/2022\/12\/IMG_20221214_112253_1.jpg","datePublished":"2022-12-15T12:33:00+00:00","dateModified":"2023-01-29T17:02:42+00:00","author":{"@id":"https:\/\/gorzow.news\/#\/schema\/person\/a1e5ab43166369f2ce236a1cd90995bb"},"breadcrumb":{"@id":"https:\/\/gorzow.news\/index.php\/2022\/12\/15\/polubiliscie-dealz-bedzie-drugi-sklep-tej-sieciowki-gdzie-i-kiedy\/#breadcrumb"},"inLanguage":"pl-PL","potentialAction":[{"@type":"ReadAction","target":["https:\/\/gorzow.news\/index.php\/2022\/12\/15\/polubiliscie-dealz-bedzie-drugi-sklep-tej-sieciowki-gdzie-i-kiedy\/"]}]},{"@type":"ImageObject","inLanguage":"pl-PL","@id":"https:\/\/gorzow.news\/index.php\/2022\/12\/15\/polubiliscie-dealz-bedzie-drugi-sklep-tej-sieciowki-gdzie-i-kiedy\/#primaryimage","url":"https:\/\/gorzow.news\/wp-content\/uploads\/2022\/12\/IMG_20221214_112253_1.jpg","contentUrl":"https:\/\/gorzow.news\/wp-content\/uploads\/2022\/12\/IMG_20221214_112253_1.jpg","width":1600,"height":757,"caption":"Drugi w mie\u015bcie sklep Dealz zostanie otwarty w Galerii Askana."},{"@type":"BreadcrumbList","@id":"https:\/\/gorzow.news\/index.php\/2022\/12\/15\/polubiliscie-dealz-bedzie-drugi-sklep-tej-sieciowki-gdzie-i-kiedy\/#breadcrumb","itemListElement":[{"@type":"ListItem","position":1,"name":"Home","item":"https:\/\/gorzow.news\/"},{"@type":"ListItem","position":2,"name":"Polubili\u015bcie Dealz? B\u0119dzie drugi sklep tej sieci\u00f3wki! Gdzie i kiedy?"}]},{"@type":"WebSite","@id":"https:\/\/gorzow.news\/#website","url":"https:\/\/gorzow.news\/","name":"Gorz\u00f3w News","description":"Sp\u00f3jrz inaczej na miato i region...","potentialAction":[{"@type":"SearchAction","target":{"@type":"EntryPoint","urlTemplate":"https:\/\/gorzow.news\/?s={search_term_string}"},"query-input":{"@type":"PropertyValueSpecification","valueRequired":true,"valueName":"search_term_string"}}],"inLanguage":"pl-PL"},{"@type":"Person","@id":"https:\/\/gorzow.news\/#\/schema\/person\/a1e5ab43166369f2ce236a1cd90995bb","name":"maciej","image":{"@type":"ImageObject","inLanguage":"pl-PL","@id":"https:\/\/secure.gravatar.com\/avatar\/530a674d56ba60cfa0ef21d74e8e8d123a51bb7aa6580465b5c2ab2c2e980a19?s=96&r=g&d=https:\/\/gorzow.news\/wp-content\/plugins\/userswp\/assets\/images\/no_profile.png","url":"https:\/\/secure.gravatar.com\/avatar\/530a674d56ba60cfa0ef21d74e8e8d123a51bb7aa6580465b5c2ab2c2e980a19?s=96&r=g&d=https:\/\/gorzow.news\/wp-content\/plugins\/userswp\/assets\/images\/no_profile.png","contentUrl":"https:\/\/secure.gravatar.com\/avatar\/530a674d56ba60cfa0ef21d74e8e8d123a51bb7aa6580465b5c2ab2c2e980a19?s=96&r=g&d=https:\/\/gorzow.news\/wp-content\/plugins\/userswp\/assets\/images\/no_profile.png","caption":"maciej"},"url":"https:\/\/gorzow.news\/index.php\/profile\/maciej\/"}]}},"_links":{"self":[{"href":"https:\/\/gorzow.news\/index.php\/wp-json\/wp\/v2\/posts\/10808","targetHints":{"allow":["GET"]}}],"collection":[{"href":"https:\/\/gorzow.news\/index.php\/wp-json\/wp\/v2\/posts"}],"about":[{"href":"https:\/\/gorzow.news\/index.php\/wp-json\/wp\/v2\/types\/post"}],"author":[{"embeddable":true,"href":"https:\/\/gorzow.news\/index.php\/wp-json\/wp\/v2\/users\/1"}],"replies":[{"embeddable":true,"href":"https:\/\/gorzow.news\/index.php\/wp-json\/wp\/v2\/comments?post=10808"}],"version-history":[{"count":0,"href":"https:\/\/gorzow.news\/index.php\/wp-json\/wp\/v2\/posts\/10808\/revisions"}],"wp:featuredmedia":[{"embeddable":true,"href":"https:\/\/gorzow.news\/index.php\/wp-json\/wp\/v2\/media\/10809"}],"wp:attachment":[{"href":"https:\/\/gorzow.news\/index.php\/wp-json\/wp\/v2\/media?parent=10808"}],"wp:term":[{"taxonomy":"category","embeddable":true,"href":"https:\/\/gorzow.news\/index.php\/wp-json\/wp\/v2\/categories?post=10808"},{"taxonomy":"post_tag","embeddable":true,"href":"https:\/\/gorzow.news\/index.php\/wp-json\/wp\/v2\/tags?post=10808"}],"curies":[{"name":"wp","href":"https:\/\/api.w.org\/{rel}","templated":true}]}}