{"id":10487,"date":"2022-11-11T17:25:00","date_gmt":"2022-11-11T16:25:00","guid":{"rendered":"https:\/\/gorzow.news\/?p=10487"},"modified":"2022-11-13T17:25:55","modified_gmt":"2022-11-13T16:25:55","slug":"gorzowianie-swietowali-rocznice-niepodleglosci","status":"publish","type":"post","link":"https:\/\/gorzow.news\/index.php\/2022\/11\/11\/gorzowianie-swietowali-rocznice-niepodleglosci\/","title":{"rendered":"Gorzowianie \u015bwi\u0119towali rocznic\u0119 niepodleg\u0142o\u015bci"},"content":{"rendered":"\n<p><strong>Obchody Narodowego \u015awi\u0119ta Niepodleg\u0142o\u015bci w Gorzowie rozpocz\u0119\u0142y si\u0119 od z\u0142o\u017cenia kwiat\u00f3w pod pomnikiem marsza\u0142ka J\u00f3zefa Pi\u0142sudskiego oraz wsp\u00f3lnego od\u015bpiewania w samo po\u0142udnie, wsp\u00f3lnie z ch\u00f3rem z II Liceum Og\u00f3lnokszta\u0142c\u0105cego, hymnu pa\u0144stwowego. \u015aciana frontowa Urz\u0119du Miasta zosta\u0142a pod\u015bwietlona barwami flagi narodowej z napisem \u201eNiepodleg\u0142a\u201d.<\/strong><\/p>\n\n\n\n<p>Oficjalne uroczysto\u015bci w tym roku mia\u0142y charakter wojew\u00f3dzki i przygotowali je wsp\u00f3lnie Prezydent Miasta oraz Wojewoda Lubuski. Prezydenta Jacka W\u00f3jcickiego reprezentowa\u0142 przewodnicz\u0105cy Rady Miasta Jan Kaczanowski i sekretarz miasta Bartosz Kmita.<\/p>\n\n\n\n<p>W katedrze w intencji Ojczyzny odby\u0142a si\u0119 msza \u015bw. z opraw\u0105 wojskow\u0105. Po niej, na Starym Rynku, uroczysty apel, po\u0142\u0105czony z wr\u0119czeniem odznacze\u0144 pa\u0144stwowych i \u015blubowaniem kadet\u00f3w klas mundurowych Zespo\u0142u Szk\u00f3\u0142 Technicznych i Og\u00f3lnokszta\u0142c\u0105cych) i uczni\u00f3w II Liceum Og\u00f3lnokszta\u0142c\u0105cego w Gorzowie.<\/p>\n\n\n\n<p>O godzinie 16.00 na Starym Rynku rozpocz\u0105\u0142 si\u0119 piknik z udzia\u0142em s\u0142u\u017cb mundurowych, kt\u00f3rych przedstawiciele przygotowali stoiska, przy kt\u00f3rych mieszka\u0144cy mogli skorzysta\u0107 z bran\u017cowych atrakcji oraz porozmawia\u0107 z funkcjonariuszami. Byli m.in. stra\u017cacy, policjanci, pocztowcy, celnicy oraz \u017co\u0142nierze.<\/p>\n\n\n\n<p>P\u00f3\u0142 godziny p\u00f3\u017aniej marszowym krokiem na plac Starego Rynku wkroczyli muzycy Gorzowskiej Orkiestry D\u0119tej wraz z zespo\u0142em \u201eMali Gorzowiacy\u201d, kt\u00f3rego cz\u0142onkowie zaprosili zgormadzonych mieszka\u0144c\u00f3w do wsp\u00f3lnego ta\u0144ca poloneza.<\/p>\n\n\n\n<p>Przewodnicz\u0105cy Rady Miasta w imieniu prezydenta W\u00f3jcickiego \u017cyczy\u0142 mieszka\u0144com wszystkiego dobrego i wielu powod\u00f3w do dumy z w\u0142asnego kraju.<\/p>\n\n\n\n<p>&#8211; To wyj\u0105tkowa okazja, Narodowe \u015awi\u0119to Niepodleg\u0142o\u015bci. Ciesz\u0119 si\u0119, \u017ce jeste\u015bmy razem tego dnia, bo to wa\u017cne, by wspiera\u0107 si\u0119 i wa\u017cne daty w polskim kalendarzu \u015bwi\u0119towa\u0107 razem &#8211; podkre\u015bli\u0142 <strong>Jan Kaczanowski<\/strong>.<\/p>\n\n\n\n<p>Na Starym Rynku odby\u0142 si\u0119 wyj\u0105tkowy koncert Gorzowskiej Orkiestry D\u0119tej i Zespo\u0142u Ta\u0144ca Ludowego \u201eMali Gorzowiacy\u201d. Obie formacje zagra\u0142y i za\u015bpiewa\u0142y wi\u0105zank\u0119 pie\u015bni patriotycznych, by na koniec po\u0142\u0105czy\u0107 si\u0142y i zaprosi\u0107 mieszka\u0144c\u00f3w do wsp\u00f3lnego za\u015bpiewania pie\u015bni \u201ePierwsza Brygada\u201d. Wsp\u00f3lne \u015bpiewanie ze sceny moderowa\u0142a kierownik artystyczny zespo\u0142u Maria Szupiluk.<\/p>\n\n\n\n<p>By\u0142o wsp\u00f3lne \u015bpiewanie, bisy i rado\u015b\u0107 mieszka\u0144c\u00f3w. W cz\u0119\u015bci piknikowej na Starym Rynku udzia\u0142 wzi\u0119\u0142o ponad tysi\u0105c os\u00f3b. Do dyspozycji go\u015bci by\u0142a przygotowana przez wojsko &#8211; 17 Wielkopolsk\u0105 Brygad\u0119 Zmechanizowan\u0105 z Mi\u0119dzyrzecza, groch\u00f3wka oraz jesienna herbata, przygotowana przez restauracj\u0119 \u201eBowling City\u201d.<\/p>\n\n\n\n<p>Z okazji \u015bwi\u0119ta odby\u0142 si\u0119 turniej koszyk\u00f3wki, wojskowa gra terenowa na Trasie Siedmiu Wzg\u00f3rz, a na bulwarach by\u0142 start i meta 11-kilometrowego Biegu Niepodleg\u0142o\u015bciowego. W Filharmonii Gorzowskiej odby\u0142 si\u0119 Koncert Niepodleg\u0142o\u015bciowy. Budynek filharmonii by\u0142 tego dnia pod\u015bwietlony w barwach narodowych.<\/p>\n\n\n\n<p>Narodowe \u015awi\u0119to Niepodleg\u0142o\u015bci to \u015bwi\u0119to pa\u0144stwowe, obchodzone w Polsce corocznie 11 listopada dla upami\u0119tnienia odzyskania niepodleg\u0142o\u015bci przez Polsk\u0119 w 1918, po 123 latach zabor\u00f3w (1795\u20131918). \u015awi\u0119to zosta\u0142o ustanowione w 1937 roku, zniesione 22 lipca 1945 roku, przywr\u00f3cono je po upadku PRL w roku 1989.<\/p>\n","protected":false},"excerpt":{"rendered":"<p>Obchody Narodowego \u015awi\u0119ta Niepodleg\u0142o\u015bci w Gorzowie rozpocz\u0119\u0142y si\u0119 od z\u0142o\u017cenia kwiat\u00f3w pod pomnikiem marsza\u0142ka J\u00f3zefa Pi\u0142sudskiego oraz wsp\u00f3lnego od\u015bpiewania w samo po\u0142udnie, wsp\u00f3lnie z ch\u00f3rem z II Liceum Og\u00f3lnokszta\u0142c\u0105cego, hymnu pa\u0144stwowego. \u015aciana frontowa Urz\u0119du Miasta zosta\u0142a pod\u015bwietlona barwami flagi narodowej z napisem \u201eNiepodleg\u0142a\u201d.<\/p>\n","protected":false},"author":1,"featured_media":10488,"comment_status":"open","ping_status":"open","sticky":false,"template":"","format":"standard","meta":{"footnotes":"","_links_to":"","_links_to_target":""},"categories":[597,904,589],"tags":[908,1863],"class_list":{"0":"post-10487","1":"post","2":"type-post","3":"status-publish","4":"format-standard","5":"has-post-thumbnail","7":"category-fakty-opinie","8":"category-w-skrocie","9":"category-wiadomosci","10":"tag-jan-kaczanowski","11":"tag-swieto-niepodleglosci"},"yoast_head":"<!-- This site is optimized with the Yoast SEO plugin v27.3 - https:\/\/yoast.com\/product\/yoast-seo-wordpress\/ -->\n<title>Gorzowianie \u015bwi\u0119towali rocznic\u0119 niepodleg\u0142o\u015bci - Gorz\u00f3w News<\/title>\n<meta name=\"description\" content=\"Obchody Narodowego \u015awi\u0119ta Niepodleg\u0142o\u015bci w Gorzowie rozpocz\u0119\u0142y si\u0119 od z\u0142o\u017cenia kwiat\u00f3w pod pomnikiem marsza\u0142ka J\u00f3zefa Pi\u0142sudskiego oraz w\" \/>\n<meta name=\"robots\" content=\"index, follow, max-snippet:-1, max-image-preview:large, max-video-preview:-1\" \/>\n<link rel=\"canonical\" href=\"https:\/\/gorzow.news\/index.php\/2022\/11\/11\/gorzowianie-swietowali-rocznice-niepodleglosci\/\" \/>\n<meta property=\"og:locale\" content=\"pl_PL\" \/>\n<meta property=\"og:type\" content=\"article\" \/>\n<meta property=\"og:title\" content=\"Gorzowianie \u015bwi\u0119towali rocznic\u0119 niepodleg\u0142o\u015bci - Gorz\u00f3w News\" \/>\n<meta property=\"og:description\" content=\"Obchody Narodowego \u015awi\u0119ta Niepodleg\u0142o\u015bci w Gorzowie rozpocz\u0119\u0142y si\u0119 od z\u0142o\u017cenia kwiat\u00f3w pod pomnikiem marsza\u0142ka J\u00f3zefa Pi\u0142sudskiego oraz w\" \/>\n<meta property=\"og:url\" content=\"https:\/\/gorzow.news\/index.php\/2022\/11\/11\/gorzowianie-swietowali-rocznice-niepodleglosci\/\" \/>\n<meta property=\"og:site_name\" content=\"Gorz\u00f3w News\" \/>\n<meta property=\"article:publisher\" content=\"https:\/\/www.facebook.com\/gorzowskinews\" \/>\n<meta property=\"article:published_time\" content=\"2022-11-11T16:25:00+00:00\" \/>\n<meta property=\"article:modified_time\" content=\"2022-11-13T16:25:55+00:00\" \/>\n<meta property=\"og:image\" content=\"https:\/\/gorzow.news\/wp-content\/uploads\/2022\/11\/fotob-5758.jpg\" \/>\n\t<meta property=\"og:image:width\" content=\"1620\" \/>\n\t<meta property=\"og:image:height\" content=\"1080\" \/>\n\t<meta property=\"og:image:type\" content=\"image\/jpeg\" \/>\n<meta name=\"author\" content=\"maciej\" \/>\n<meta name=\"twitter:card\" content=\"summary_large_image\" \/>\n<meta name=\"twitter:label1\" content=\"Napisane przez\" \/>\n\t<meta name=\"twitter:data1\" content=\"maciej\" \/>\n\t<meta name=\"twitter:label2\" content=\"Szacowany czas czytania\" \/>\n\t<meta name=\"twitter:data2\" content=\"3 minuty\" \/>\n<script type=\"application\/ld+json\" class=\"yoast-schema-graph\">{\"@context\":\"https:\\\/\\\/schema.org\",\"@graph\":[{\"@type\":\"Article\",\"@id\":\"https:\\\/\\\/gorzow.news\\\/index.php\\\/2022\\\/11\\\/11\\\/gorzowianie-swietowali-rocznice-niepodleglosci\\\/#article\",\"isPartOf\":{\"@id\":\"https:\\\/\\\/gorzow.news\\\/index.php\\\/2022\\\/11\\\/11\\\/gorzowianie-swietowali-rocznice-niepodleglosci\\\/\"},\"author\":{\"name\":\"maciej\",\"@id\":\"https:\\\/\\\/gorzow.news\\\/#\\\/schema\\\/person\\\/a1e5ab43166369f2ce236a1cd90995bb\"},\"headline\":\"Gorzowianie \u015bwi\u0119towali rocznic\u0119 niepodleg\u0142o\u015bci\",\"datePublished\":\"2022-11-11T16:25:00+00:00\",\"dateModified\":\"2022-11-13T16:25:55+00:00\",\"mainEntityOfPage\":{\"@id\":\"https:\\\/\\\/gorzow.news\\\/index.php\\\/2022\\\/11\\\/11\\\/gorzowianie-swietowali-rocznice-niepodleglosci\\\/\"},\"wordCount\":527,\"commentCount\":0,\"image\":{\"@id\":\"https:\\\/\\\/gorzow.news\\\/index.php\\\/2022\\\/11\\\/11\\\/gorzowianie-swietowali-rocznice-niepodleglosci\\\/#primaryimage\"},\"thumbnailUrl\":\"https:\\\/\\\/gorzow.news\\\/wp-content\\\/uploads\\\/2022\\\/11\\\/fotob-5758.jpg\",\"keywords\":[\"Jan Kaczanowski\",\"\u015awi\u0119to Niepodleg\u0142o\u015bci\"],\"articleSection\":[\"Fakty i opinie\",\"W skr\u00f3cie\",\"Wiadomo\u015bci\"],\"inLanguage\":\"pl-PL\",\"potentialAction\":[{\"@type\":\"CommentAction\",\"name\":\"Comment\",\"target\":[\"https:\\\/\\\/gorzow.news\\\/index.php\\\/2022\\\/11\\\/11\\\/gorzowianie-swietowali-rocznice-niepodleglosci\\\/#respond\"]}]},{\"@type\":\"WebPage\",\"@id\":\"https:\\\/\\\/gorzow.news\\\/index.php\\\/2022\\\/11\\\/11\\\/gorzowianie-swietowali-rocznice-niepodleglosci\\\/\",\"url\":\"https:\\\/\\\/gorzow.news\\\/index.php\\\/2022\\\/11\\\/11\\\/gorzowianie-swietowali-rocznice-niepodleglosci\\\/\",\"name\":\"Gorzowianie \u015bwi\u0119towali rocznic\u0119 niepodleg\u0142o\u015bci - Gorz\u00f3w News\",\"isPartOf\":{\"@id\":\"https:\\\/\\\/gorzow.news\\\/#website\"},\"primaryImageOfPage\":{\"@id\":\"https:\\\/\\\/gorzow.news\\\/index.php\\\/2022\\\/11\\\/11\\\/gorzowianie-swietowali-rocznice-niepodleglosci\\\/#primaryimage\"},\"image\":{\"@id\":\"https:\\\/\\\/gorzow.news\\\/index.php\\\/2022\\\/11\\\/11\\\/gorzowianie-swietowali-rocznice-niepodleglosci\\\/#primaryimage\"},\"thumbnailUrl\":\"https:\\\/\\\/gorzow.news\\\/wp-content\\\/uploads\\\/2022\\\/11\\\/fotob-5758.jpg\",\"datePublished\":\"2022-11-11T16:25:00+00:00\",\"dateModified\":\"2022-11-13T16:25:55+00:00\",\"author\":{\"@id\":\"https:\\\/\\\/gorzow.news\\\/#\\\/schema\\\/person\\\/a1e5ab43166369f2ce236a1cd90995bb\"},\"description\":\"Obchody Narodowego \u015awi\u0119ta Niepodleg\u0142o\u015bci w Gorzowie rozpocz\u0119\u0142y si\u0119 od z\u0142o\u017cenia kwiat\u00f3w pod pomnikiem marsza\u0142ka J\u00f3zefa Pi\u0142sudskiego oraz wsp\u00f3lnego od\u015bpiewania w samo po\u0142udnie, wsp\u00f3lnie z ch\u00f3rem z II Liceum Og\u00f3lnokszta\u0142c\u0105cego, hymnu pa\u0144stwowego. \u015aciana frontowa Urz\u0119du Miasta zosta\u0142a pod\u015bwietlona barwami flagi narodowej z napisem \u201eNiepodleg\u0142a\u201d.\",\"breadcrumb\":{\"@id\":\"https:\\\/\\\/gorzow.news\\\/index.php\\\/2022\\\/11\\\/11\\\/gorzowianie-swietowali-rocznice-niepodleglosci\\\/#breadcrumb\"},\"inLanguage\":\"pl-PL\",\"potentialAction\":[{\"@type\":\"ReadAction\",\"target\":[\"https:\\\/\\\/gorzow.news\\\/index.php\\\/2022\\\/11\\\/11\\\/gorzowianie-swietowali-rocznice-niepodleglosci\\\/\"]}]},{\"@type\":\"ImageObject\",\"inLanguage\":\"pl-PL\",\"@id\":\"https:\\\/\\\/gorzow.news\\\/index.php\\\/2022\\\/11\\\/11\\\/gorzowianie-swietowali-rocznice-niepodleglosci\\\/#primaryimage\",\"url\":\"https:\\\/\\\/gorzow.news\\\/wp-content\\\/uploads\\\/2022\\\/11\\\/fotob-5758.jpg\",\"contentUrl\":\"https:\\\/\\\/gorzow.news\\\/wp-content\\\/uploads\\\/2022\\\/11\\\/fotob-5758.jpg\",\"width\":1620,\"height\":1080,\"caption\":\"fot. \u0141ukasz Kulczy\u0144ski\"},{\"@type\":\"BreadcrumbList\",\"@id\":\"https:\\\/\\\/gorzow.news\\\/index.php\\\/2022\\\/11\\\/11\\\/gorzowianie-swietowali-rocznice-niepodleglosci\\\/#breadcrumb\",\"itemListElement\":[{\"@type\":\"ListItem\",\"position\":1,\"name\":\"Home\",\"item\":\"https:\\\/\\\/gorzow.news\\\/\"},{\"@type\":\"ListItem\",\"position\":2,\"name\":\"Gorzowianie \u015bwi\u0119towali rocznic\u0119 niepodleg\u0142o\u015bci\"}]},{\"@type\":\"WebSite\",\"@id\":\"https:\\\/\\\/gorzow.news\\\/#website\",\"url\":\"https:\\\/\\\/gorzow.news\\\/\",\"name\":\"Gorz\u00f3w News\",\"description\":\"Sp\u00f3jrz inaczej na miato i region...\",\"potentialAction\":[{\"@type\":\"SearchAction\",\"target\":{\"@type\":\"EntryPoint\",\"urlTemplate\":\"https:\\\/\\\/gorzow.news\\\/?s={search_term_string}\"},\"query-input\":{\"@type\":\"PropertyValueSpecification\",\"valueRequired\":true,\"valueName\":\"search_term_string\"}}],\"inLanguage\":\"pl-PL\"},{\"@type\":\"Person\",\"@id\":\"https:\\\/\\\/gorzow.news\\\/#\\\/schema\\\/person\\\/a1e5ab43166369f2ce236a1cd90995bb\",\"name\":\"maciej\",\"image\":{\"@type\":\"ImageObject\",\"inLanguage\":\"pl-PL\",\"@id\":\"https:\\\/\\\/secure.gravatar.com\\\/avatar\\\/530a674d56ba60cfa0ef21d74e8e8d123a51bb7aa6580465b5c2ab2c2e980a19?s=96&r=g&d=https:\\\/\\\/gorzow.news\\\/wp-content\\\/plugins\\\/userswp\\\/assets\\\/images\\\/no_profile.png\",\"url\":\"https:\\\/\\\/secure.gravatar.com\\\/avatar\\\/530a674d56ba60cfa0ef21d74e8e8d123a51bb7aa6580465b5c2ab2c2e980a19?s=96&r=g&d=https:\\\/\\\/gorzow.news\\\/wp-content\\\/plugins\\\/userswp\\\/assets\\\/images\\\/no_profile.png\",\"contentUrl\":\"https:\\\/\\\/secure.gravatar.com\\\/avatar\\\/530a674d56ba60cfa0ef21d74e8e8d123a51bb7aa6580465b5c2ab2c2e980a19?s=96&r=g&d=https:\\\/\\\/gorzow.news\\\/wp-content\\\/plugins\\\/userswp\\\/assets\\\/images\\\/no_profile.png\",\"caption\":\"maciej\"},\"url\":\"https:\\\/\\\/gorzow.news\\\/index.php\\\/profile\\\/maciej\\\/\"}]}<\/script>\n<!-- \/ Yoast SEO plugin. -->","yoast_head_json":{"title":"Gorzowianie \u015bwi\u0119towali rocznic\u0119 niepodleg\u0142o\u015bci - Gorz\u00f3w News","description":"Obchody Narodowego \u015awi\u0119ta Niepodleg\u0142o\u015bci w Gorzowie rozpocz\u0119\u0142y si\u0119 od z\u0142o\u017cenia kwiat\u00f3w pod pomnikiem marsza\u0142ka J\u00f3zefa Pi\u0142sudskiego oraz w","robots":{"index":"index","follow":"follow","max-snippet":"max-snippet:-1","max-image-preview":"max-image-preview:large","max-video-preview":"max-video-preview:-1"},"canonical":"https:\/\/gorzow.news\/index.php\/2022\/11\/11\/gorzowianie-swietowali-rocznice-niepodleglosci\/","og_locale":"pl_PL","og_type":"article","og_title":"Gorzowianie \u015bwi\u0119towali rocznic\u0119 niepodleg\u0142o\u015bci - Gorz\u00f3w News","og_description":"Obchody Narodowego \u015awi\u0119ta Niepodleg\u0142o\u015bci w Gorzowie rozpocz\u0119\u0142y si\u0119 od z\u0142o\u017cenia kwiat\u00f3w pod pomnikiem marsza\u0142ka J\u00f3zefa Pi\u0142sudskiego oraz w","og_url":"https:\/\/gorzow.news\/index.php\/2022\/11\/11\/gorzowianie-swietowali-rocznice-niepodleglosci\/","og_site_name":"Gorz\u00f3w News","article_publisher":"https:\/\/www.facebook.com\/gorzowskinews","article_published_time":"2022-11-11T16:25:00+00:00","article_modified_time":"2022-11-13T16:25:55+00:00","og_image":[{"width":1620,"height":1080,"url":"https:\/\/gorzow.news\/wp-content\/uploads\/2022\/11\/fotob-5758.jpg","type":"image\/jpeg"}],"author":"maciej","twitter_card":"summary_large_image","twitter_misc":{"Napisane przez":"maciej","Szacowany czas czytania":"3 minuty"},"schema":{"@context":"https:\/\/schema.org","@graph":[{"@type":"Article","@id":"https:\/\/gorzow.news\/index.php\/2022\/11\/11\/gorzowianie-swietowali-rocznice-niepodleglosci\/#article","isPartOf":{"@id":"https:\/\/gorzow.news\/index.php\/2022\/11\/11\/gorzowianie-swietowali-rocznice-niepodleglosci\/"},"author":{"name":"maciej","@id":"https:\/\/gorzow.news\/#\/schema\/person\/a1e5ab43166369f2ce236a1cd90995bb"},"headline":"Gorzowianie \u015bwi\u0119towali rocznic\u0119 niepodleg\u0142o\u015bci","datePublished":"2022-11-11T16:25:00+00:00","dateModified":"2022-11-13T16:25:55+00:00","mainEntityOfPage":{"@id":"https:\/\/gorzow.news\/index.php\/2022\/11\/11\/gorzowianie-swietowali-rocznice-niepodleglosci\/"},"wordCount":527,"commentCount":0,"image":{"@id":"https:\/\/gorzow.news\/index.php\/2022\/11\/11\/gorzowianie-swietowali-rocznice-niepodleglosci\/#primaryimage"},"thumbnailUrl":"https:\/\/gorzow.news\/wp-content\/uploads\/2022\/11\/fotob-5758.jpg","keywords":["Jan Kaczanowski","\u015awi\u0119to Niepodleg\u0142o\u015bci"],"articleSection":["Fakty i opinie","W skr\u00f3cie","Wiadomo\u015bci"],"inLanguage":"pl-PL","potentialAction":[{"@type":"CommentAction","name":"Comment","target":["https:\/\/gorzow.news\/index.php\/2022\/11\/11\/gorzowianie-swietowali-rocznice-niepodleglosci\/#respond"]}]},{"@type":"WebPage","@id":"https:\/\/gorzow.news\/index.php\/2022\/11\/11\/gorzowianie-swietowali-rocznice-niepodleglosci\/","url":"https:\/\/gorzow.news\/index.php\/2022\/11\/11\/gorzowianie-swietowali-rocznice-niepodleglosci\/","name":"Gorzowianie \u015bwi\u0119towali rocznic\u0119 niepodleg\u0142o\u015bci - Gorz\u00f3w News","isPartOf":{"@id":"https:\/\/gorzow.news\/#website"},"primaryImageOfPage":{"@id":"https:\/\/gorzow.news\/index.php\/2022\/11\/11\/gorzowianie-swietowali-rocznice-niepodleglosci\/#primaryimage"},"image":{"@id":"https:\/\/gorzow.news\/index.php\/2022\/11\/11\/gorzowianie-swietowali-rocznice-niepodleglosci\/#primaryimage"},"thumbnailUrl":"https:\/\/gorzow.news\/wp-content\/uploads\/2022\/11\/fotob-5758.jpg","datePublished":"2022-11-11T16:25:00+00:00","dateModified":"2022-11-13T16:25:55+00:00","author":{"@id":"https:\/\/gorzow.news\/#\/schema\/person\/a1e5ab43166369f2ce236a1cd90995bb"},"description":"Obchody Narodowego \u015awi\u0119ta Niepodleg\u0142o\u015bci w Gorzowie rozpocz\u0119\u0142y si\u0119 od z\u0142o\u017cenia kwiat\u00f3w pod pomnikiem marsza\u0142ka J\u00f3zefa Pi\u0142sudskiego oraz wsp\u00f3lnego od\u015bpiewania w samo po\u0142udnie, wsp\u00f3lnie z ch\u00f3rem z II Liceum Og\u00f3lnokszta\u0142c\u0105cego, hymnu pa\u0144stwowego. \u015aciana frontowa Urz\u0119du Miasta zosta\u0142a pod\u015bwietlona barwami flagi narodowej z napisem \u201eNiepodleg\u0142a\u201d.","breadcrumb":{"@id":"https:\/\/gorzow.news\/index.php\/2022\/11\/11\/gorzowianie-swietowali-rocznice-niepodleglosci\/#breadcrumb"},"inLanguage":"pl-PL","potentialAction":[{"@type":"ReadAction","target":["https:\/\/gorzow.news\/index.php\/2022\/11\/11\/gorzowianie-swietowali-rocznice-niepodleglosci\/"]}]},{"@type":"ImageObject","inLanguage":"pl-PL","@id":"https:\/\/gorzow.news\/index.php\/2022\/11\/11\/gorzowianie-swietowali-rocznice-niepodleglosci\/#primaryimage","url":"https:\/\/gorzow.news\/wp-content\/uploads\/2022\/11\/fotob-5758.jpg","contentUrl":"https:\/\/gorzow.news\/wp-content\/uploads\/2022\/11\/fotob-5758.jpg","width":1620,"height":1080,"caption":"fot. \u0141ukasz Kulczy\u0144ski"},{"@type":"BreadcrumbList","@id":"https:\/\/gorzow.news\/index.php\/2022\/11\/11\/gorzowianie-swietowali-rocznice-niepodleglosci\/#breadcrumb","itemListElement":[{"@type":"ListItem","position":1,"name":"Home","item":"https:\/\/gorzow.news\/"},{"@type":"ListItem","position":2,"name":"Gorzowianie \u015bwi\u0119towali rocznic\u0119 niepodleg\u0142o\u015bci"}]},{"@type":"WebSite","@id":"https:\/\/gorzow.news\/#website","url":"https:\/\/gorzow.news\/","name":"Gorz\u00f3w News","description":"Sp\u00f3jrz inaczej na miato i region...","potentialAction":[{"@type":"SearchAction","target":{"@type":"EntryPoint","urlTemplate":"https:\/\/gorzow.news\/?s={search_term_string}"},"query-input":{"@type":"PropertyValueSpecification","valueRequired":true,"valueName":"search_term_string"}}],"inLanguage":"pl-PL"},{"@type":"Person","@id":"https:\/\/gorzow.news\/#\/schema\/person\/a1e5ab43166369f2ce236a1cd90995bb","name":"maciej","image":{"@type":"ImageObject","inLanguage":"pl-PL","@id":"https:\/\/secure.gravatar.com\/avatar\/530a674d56ba60cfa0ef21d74e8e8d123a51bb7aa6580465b5c2ab2c2e980a19?s=96&r=g&d=https:\/\/gorzow.news\/wp-content\/plugins\/userswp\/assets\/images\/no_profile.png","url":"https:\/\/secure.gravatar.com\/avatar\/530a674d56ba60cfa0ef21d74e8e8d123a51bb7aa6580465b5c2ab2c2e980a19?s=96&r=g&d=https:\/\/gorzow.news\/wp-content\/plugins\/userswp\/assets\/images\/no_profile.png","contentUrl":"https:\/\/secure.gravatar.com\/avatar\/530a674d56ba60cfa0ef21d74e8e8d123a51bb7aa6580465b5c2ab2c2e980a19?s=96&r=g&d=https:\/\/gorzow.news\/wp-content\/plugins\/userswp\/assets\/images\/no_profile.png","caption":"maciej"},"url":"https:\/\/gorzow.news\/index.php\/profile\/maciej\/"}]}},"_links":{"self":[{"href":"https:\/\/gorzow.news\/index.php\/wp-json\/wp\/v2\/posts\/10487","targetHints":{"allow":["GET"]}}],"collection":[{"href":"https:\/\/gorzow.news\/index.php\/wp-json\/wp\/v2\/posts"}],"about":[{"href":"https:\/\/gorzow.news\/index.php\/wp-json\/wp\/v2\/types\/post"}],"author":[{"embeddable":true,"href":"https:\/\/gorzow.news\/index.php\/wp-json\/wp\/v2\/users\/1"}],"replies":[{"embeddable":true,"href":"https:\/\/gorzow.news\/index.php\/wp-json\/wp\/v2\/comments?post=10487"}],"version-history":[{"count":0,"href":"https:\/\/gorzow.news\/index.php\/wp-json\/wp\/v2\/posts\/10487\/revisions"}],"wp:featuredmedia":[{"embeddable":true,"href":"https:\/\/gorzow.news\/index.php\/wp-json\/wp\/v2\/media\/10488"}],"wp:attachment":[{"href":"https:\/\/gorzow.news\/index.php\/wp-json\/wp\/v2\/media?parent=10487"}],"wp:term":[{"taxonomy":"category","embeddable":true,"href":"https:\/\/gorzow.news\/index.php\/wp-json\/wp\/v2\/categories?post=10487"},{"taxonomy":"post_tag","embeddable":true,"href":"https:\/\/gorzow.news\/index.php\/wp-json\/wp\/v2\/tags?post=10487"}],"curies":[{"name":"wp","href":"https:\/\/api.w.org\/{rel}","templated":true}]}}