{"id":10481,"date":"2022-11-09T16:22:00","date_gmt":"2022-11-09T15:22:00","guid":{"rendered":"https:\/\/gorzow.news\/?p=10481"},"modified":"2022-11-13T16:23:08","modified_gmt":"2022-11-13T15:23:08","slug":"chore-drzewa-zostana-wyciete-miasto-szuka-firmy","status":"publish","type":"post","link":"https:\/\/gorzow.news\/index.php\/2022\/11\/09\/chore-drzewa-zostana-wyciete-miasto-szuka-firmy\/","title":{"rendered":"Chore drzewa zostan\u0105 wyci\u0119te. Miasto szuka firmy"},"content":{"rendered":"\n<p><strong>Wydzia\u0142 Gospodarki Komunalnej i Transportu Publicznego poszukuje firmy, kt\u00f3ra podejmie si\u0119 wycinki 357 drzew, z uwagi na stan ich obumarcia, z\u0142\u0105 kondycj\u0119 fito sanitarn\u0105 i kt\u00f3re stanowi\u0105 zagro\u017cenie dla mieszka\u0144c\u00f3w. W zamian Miasto zasadzi co najmniej 210 drzewek o wysoko\u015bci minimum jednego metra.<\/strong><\/p>\n\n\n\n<p>Wycinka jest w wi\u0119kszo\u015bci przypadk\u00f3w zwi\u0105zana z obumarciem okaz\u00f3w i ich z\u0142ym stanem zdrowotnym, w zwi\u0105zku z czym stwarzaj\u0105 one du\u017ce zagro\u017cenie dla \u017cycia i mienia mieszka\u0144c\u00f3w. Na wszystkie drzewa zakwalifikowane do wycinki Miasto uzyska\u0142o zezwolenia od Marsza\u0142ka Wojew\u00f3dztwa Lubuskiego i Wojew\u00f3dzkiego Konserwatora Zabytk\u00f3w.<\/p>\n\n\n\n<p>Do wycinki dojdzie w ci\u0105gu 70 dni od podpisania umowy, po rozstrzygni\u0119ciu post\u0119powania przetargowego.<\/p>\n\n\n\n<p>W ramach tzw. nasadze\u0144 zast\u0119pczych Miasto w przysz\u0142ym roku posadzi co najmniej 210 drzewek na miejskich terenach zieleni. Minimalny obw\u00f3d nowo nasadzonych drzew b\u0119dzie wynosi\u0142 14-18 cm, wysoko\u015b\u0107 od metra do 2,5 m.<\/p>\n\n\n\n<p>Wycinka planowana jest m.in. przy ulicach: Pozna\u0144skiej, Fabrycznej, Walczaka, Ok\u00f3lnej, Dziewi\u0119ciu Muz, D\u0105browskiego, Wyszy\u0144skiego, Mieszka I, Borowskiego, Kosynier\u00f3w Gdy\u0144skich, Cegielskiego, Sczanieckiej, B\u0142otnej, Brukselskiej, My\u015bliborskiej, Kostrzy\u0144skiej czy alei Konstytucji 3-go Maja oraz w parku S\u0142owia\u0144skim i Siemiradzkiego.<\/p>\n","protected":false},"excerpt":{"rendered":"<p>Wydzia\u0142 Gospodarki Komunalnej i Transportu Publicznego poszukuje firmy, kt\u00f3ra podejmie si\u0119 wycinki 357 drzew, z uwagi na stan ich obumarcia, z\u0142\u0105 kondycj\u0119 fito sanitarn\u0105 i kt\u00f3re stanowi\u0105 zagro\u017cenie dla mieszka\u0144c\u00f3w. W zamian Miasto zasadzi co najmniej 210 drzewek o wysoko\u015bci minimum jednego metra.<\/p>\n","protected":false},"author":1,"featured_media":10482,"comment_status":"open","ping_status":"open","sticky":false,"template":"","format":"standard","meta":{"footnotes":"","_links_to":"","_links_to_target":""},"categories":[597,904,589],"tags":[222],"class_list":{"0":"post-10481","1":"post","2":"type-post","3":"status-publish","4":"format-standard","5":"has-post-thumbnail","7":"category-fakty-opinie","8":"category-w-skrocie","9":"category-wiadomosci","10":"tag-wycinka-drzew"},"yoast_head":"<!-- This site is optimized with the Yoast SEO plugin v27.3 - https:\/\/yoast.com\/product\/yoast-seo-wordpress\/ -->\n<title>Chore drzewa zostan\u0105 wyci\u0119te. Miasto szuka firmy - Gorz\u00f3w News<\/title>\n<meta name=\"description\" content=\"Wydzia\u0142 Gospodarki Komunalnej i Transportu Publicznego poszukuje firmy, kt\u00f3ra podejmie si\u0119 wycinki 357 drzew, z uwagi na stan ich obumarcia, z\u0142\u0105\" \/>\n<meta name=\"robots\" content=\"index, follow, max-snippet:-1, max-image-preview:large, max-video-preview:-1\" \/>\n<link rel=\"canonical\" href=\"https:\/\/gorzow.news\/index.php\/2022\/11\/09\/chore-drzewa-zostana-wyciete-miasto-szuka-firmy\/\" \/>\n<meta property=\"og:locale\" content=\"pl_PL\" \/>\n<meta property=\"og:type\" content=\"article\" \/>\n<meta property=\"og:title\" content=\"Chore drzewa zostan\u0105 wyci\u0119te. Miasto szuka firmy - Gorz\u00f3w News\" \/>\n<meta property=\"og:description\" content=\"Wydzia\u0142 Gospodarki Komunalnej i Transportu Publicznego poszukuje firmy, kt\u00f3ra podejmie si\u0119 wycinki 357 drzew, z uwagi na stan ich obumarcia, z\u0142\u0105\" \/>\n<meta property=\"og:url\" content=\"https:\/\/gorzow.news\/index.php\/2022\/11\/09\/chore-drzewa-zostana-wyciete-miasto-szuka-firmy\/\" \/>\n<meta property=\"og:site_name\" content=\"Gorz\u00f3w News\" \/>\n<meta property=\"article:publisher\" content=\"https:\/\/www.facebook.com\/gorzowskinews\" \/>\n<meta property=\"article:published_time\" content=\"2022-11-09T15:22:00+00:00\" \/>\n<meta property=\"article:modified_time\" content=\"2022-11-13T15:23:08+00:00\" \/>\n<meta property=\"og:image\" content=\"https:\/\/gorzow.news\/wp-content\/uploads\/2022\/11\/cropped-akt-fotob-3421.jpg\" \/>\n\t<meta property=\"og:image:width\" content=\"1192\" \/>\n\t<meta property=\"og:image:height\" content=\"751\" \/>\n\t<meta property=\"og:image:type\" content=\"image\/jpeg\" \/>\n<meta name=\"author\" content=\"maciej\" \/>\n<meta name=\"twitter:card\" content=\"summary_large_image\" \/>\n<meta name=\"twitter:label1\" content=\"Napisane przez\" \/>\n\t<meta name=\"twitter:data1\" content=\"maciej\" \/>\n\t<meta name=\"twitter:label2\" content=\"Szacowany czas czytania\" \/>\n\t<meta name=\"twitter:data2\" content=\"2 minuty\" \/>\n<script type=\"application\/ld+json\" class=\"yoast-schema-graph\">{\"@context\":\"https:\\\/\\\/schema.org\",\"@graph\":[{\"@type\":\"Article\",\"@id\":\"https:\\\/\\\/gorzow.news\\\/index.php\\\/2022\\\/11\\\/09\\\/chore-drzewa-zostana-wyciete-miasto-szuka-firmy\\\/#article\",\"isPartOf\":{\"@id\":\"https:\\\/\\\/gorzow.news\\\/index.php\\\/2022\\\/11\\\/09\\\/chore-drzewa-zostana-wyciete-miasto-szuka-firmy\\\/\"},\"author\":{\"name\":\"maciej\",\"@id\":\"https:\\\/\\\/gorzow.news\\\/#\\\/schema\\\/person\\\/a1e5ab43166369f2ce236a1cd90995bb\"},\"headline\":\"Chore drzewa zostan\u0105 wyci\u0119te. Miasto szuka firmy\",\"datePublished\":\"2022-11-09T15:22:00+00:00\",\"dateModified\":\"2022-11-13T15:23:08+00:00\",\"mainEntityOfPage\":{\"@id\":\"https:\\\/\\\/gorzow.news\\\/index.php\\\/2022\\\/11\\\/09\\\/chore-drzewa-zostana-wyciete-miasto-szuka-firmy\\\/\"},\"wordCount\":215,\"commentCount\":0,\"image\":{\"@id\":\"https:\\\/\\\/gorzow.news\\\/index.php\\\/2022\\\/11\\\/09\\\/chore-drzewa-zostana-wyciete-miasto-szuka-firmy\\\/#primaryimage\"},\"thumbnailUrl\":\"https:\\\/\\\/gorzow.news\\\/wp-content\\\/uploads\\\/2022\\\/11\\\/cropped-akt-fotob-3421.jpg\",\"keywords\":[\"wycinka drzew\"],\"articleSection\":[\"Fakty i opinie\",\"W skr\u00f3cie\",\"Wiadomo\u015bci\"],\"inLanguage\":\"pl-PL\",\"potentialAction\":[{\"@type\":\"CommentAction\",\"name\":\"Comment\",\"target\":[\"https:\\\/\\\/gorzow.news\\\/index.php\\\/2022\\\/11\\\/09\\\/chore-drzewa-zostana-wyciete-miasto-szuka-firmy\\\/#respond\"]}]},{\"@type\":\"WebPage\",\"@id\":\"https:\\\/\\\/gorzow.news\\\/index.php\\\/2022\\\/11\\\/09\\\/chore-drzewa-zostana-wyciete-miasto-szuka-firmy\\\/\",\"url\":\"https:\\\/\\\/gorzow.news\\\/index.php\\\/2022\\\/11\\\/09\\\/chore-drzewa-zostana-wyciete-miasto-szuka-firmy\\\/\",\"name\":\"Chore drzewa zostan\u0105 wyci\u0119te. Miasto szuka firmy - Gorz\u00f3w News\",\"isPartOf\":{\"@id\":\"https:\\\/\\\/gorzow.news\\\/#website\"},\"primaryImageOfPage\":{\"@id\":\"https:\\\/\\\/gorzow.news\\\/index.php\\\/2022\\\/11\\\/09\\\/chore-drzewa-zostana-wyciete-miasto-szuka-firmy\\\/#primaryimage\"},\"image\":{\"@id\":\"https:\\\/\\\/gorzow.news\\\/index.php\\\/2022\\\/11\\\/09\\\/chore-drzewa-zostana-wyciete-miasto-szuka-firmy\\\/#primaryimage\"},\"thumbnailUrl\":\"https:\\\/\\\/gorzow.news\\\/wp-content\\\/uploads\\\/2022\\\/11\\\/cropped-akt-fotob-3421.jpg\",\"datePublished\":\"2022-11-09T15:22:00+00:00\",\"dateModified\":\"2022-11-13T15:23:08+00:00\",\"author\":{\"@id\":\"https:\\\/\\\/gorzow.news\\\/#\\\/schema\\\/person\\\/a1e5ab43166369f2ce236a1cd90995bb\"},\"description\":\"Wydzia\u0142 Gospodarki Komunalnej i Transportu Publicznego poszukuje firmy, kt\u00f3ra podejmie si\u0119 wycinki 357 drzew, z uwagi na stan ich obumarcia, z\u0142\u0105 kondycj\u0119 fito sanitarn\u0105 i kt\u00f3re stanowi\u0105 zagro\u017cenie dla mieszka\u0144c\u00f3w. W zamian Miasto zasadzi co najmniej 210 drzewek o wysoko\u015bci minimum jednego metra.\",\"breadcrumb\":{\"@id\":\"https:\\\/\\\/gorzow.news\\\/index.php\\\/2022\\\/11\\\/09\\\/chore-drzewa-zostana-wyciete-miasto-szuka-firmy\\\/#breadcrumb\"},\"inLanguage\":\"pl-PL\",\"potentialAction\":[{\"@type\":\"ReadAction\",\"target\":[\"https:\\\/\\\/gorzow.news\\\/index.php\\\/2022\\\/11\\\/09\\\/chore-drzewa-zostana-wyciete-miasto-szuka-firmy\\\/\"]}]},{\"@type\":\"ImageObject\",\"inLanguage\":\"pl-PL\",\"@id\":\"https:\\\/\\\/gorzow.news\\\/index.php\\\/2022\\\/11\\\/09\\\/chore-drzewa-zostana-wyciete-miasto-szuka-firmy\\\/#primaryimage\",\"url\":\"https:\\\/\\\/gorzow.news\\\/wp-content\\\/uploads\\\/2022\\\/11\\\/cropped-akt-fotob-3421.jpg\",\"contentUrl\":\"https:\\\/\\\/gorzow.news\\\/wp-content\\\/uploads\\\/2022\\\/11\\\/cropped-akt-fotob-3421.jpg\",\"width\":1192,\"height\":751},{\"@type\":\"BreadcrumbList\",\"@id\":\"https:\\\/\\\/gorzow.news\\\/index.php\\\/2022\\\/11\\\/09\\\/chore-drzewa-zostana-wyciete-miasto-szuka-firmy\\\/#breadcrumb\",\"itemListElement\":[{\"@type\":\"ListItem\",\"position\":1,\"name\":\"Home\",\"item\":\"https:\\\/\\\/gorzow.news\\\/\"},{\"@type\":\"ListItem\",\"position\":2,\"name\":\"Chore drzewa zostan\u0105 wyci\u0119te. Miasto szuka firmy\"}]},{\"@type\":\"WebSite\",\"@id\":\"https:\\\/\\\/gorzow.news\\\/#website\",\"url\":\"https:\\\/\\\/gorzow.news\\\/\",\"name\":\"Gorz\u00f3w News\",\"description\":\"Sp\u00f3jrz inaczej na miato i region...\",\"potentialAction\":[{\"@type\":\"SearchAction\",\"target\":{\"@type\":\"EntryPoint\",\"urlTemplate\":\"https:\\\/\\\/gorzow.news\\\/?s={search_term_string}\"},\"query-input\":{\"@type\":\"PropertyValueSpecification\",\"valueRequired\":true,\"valueName\":\"search_term_string\"}}],\"inLanguage\":\"pl-PL\"},{\"@type\":\"Person\",\"@id\":\"https:\\\/\\\/gorzow.news\\\/#\\\/schema\\\/person\\\/a1e5ab43166369f2ce236a1cd90995bb\",\"name\":\"maciej\",\"image\":{\"@type\":\"ImageObject\",\"inLanguage\":\"pl-PL\",\"@id\":\"https:\\\/\\\/secure.gravatar.com\\\/avatar\\\/530a674d56ba60cfa0ef21d74e8e8d123a51bb7aa6580465b5c2ab2c2e980a19?s=96&r=g&d=https:\\\/\\\/gorzow.news\\\/wp-content\\\/plugins\\\/userswp\\\/assets\\\/images\\\/no_profile.png\",\"url\":\"https:\\\/\\\/secure.gravatar.com\\\/avatar\\\/530a674d56ba60cfa0ef21d74e8e8d123a51bb7aa6580465b5c2ab2c2e980a19?s=96&r=g&d=https:\\\/\\\/gorzow.news\\\/wp-content\\\/plugins\\\/userswp\\\/assets\\\/images\\\/no_profile.png\",\"contentUrl\":\"https:\\\/\\\/secure.gravatar.com\\\/avatar\\\/530a674d56ba60cfa0ef21d74e8e8d123a51bb7aa6580465b5c2ab2c2e980a19?s=96&r=g&d=https:\\\/\\\/gorzow.news\\\/wp-content\\\/plugins\\\/userswp\\\/assets\\\/images\\\/no_profile.png\",\"caption\":\"maciej\"},\"url\":\"https:\\\/\\\/gorzow.news\\\/index.php\\\/profile\\\/maciej\\\/\"}]}<\/script>\n<!-- \/ Yoast SEO plugin. -->","yoast_head_json":{"title":"Chore drzewa zostan\u0105 wyci\u0119te. Miasto szuka firmy - Gorz\u00f3w News","description":"Wydzia\u0142 Gospodarki Komunalnej i Transportu Publicznego poszukuje firmy, kt\u00f3ra podejmie si\u0119 wycinki 357 drzew, z uwagi na stan ich obumarcia, z\u0142\u0105","robots":{"index":"index","follow":"follow","max-snippet":"max-snippet:-1","max-image-preview":"max-image-preview:large","max-video-preview":"max-video-preview:-1"},"canonical":"https:\/\/gorzow.news\/index.php\/2022\/11\/09\/chore-drzewa-zostana-wyciete-miasto-szuka-firmy\/","og_locale":"pl_PL","og_type":"article","og_title":"Chore drzewa zostan\u0105 wyci\u0119te. Miasto szuka firmy - Gorz\u00f3w News","og_description":"Wydzia\u0142 Gospodarki Komunalnej i Transportu Publicznego poszukuje firmy, kt\u00f3ra podejmie si\u0119 wycinki 357 drzew, z uwagi na stan ich obumarcia, z\u0142\u0105","og_url":"https:\/\/gorzow.news\/index.php\/2022\/11\/09\/chore-drzewa-zostana-wyciete-miasto-szuka-firmy\/","og_site_name":"Gorz\u00f3w News","article_publisher":"https:\/\/www.facebook.com\/gorzowskinews","article_published_time":"2022-11-09T15:22:00+00:00","article_modified_time":"2022-11-13T15:23:08+00:00","og_image":[{"width":1192,"height":751,"url":"https:\/\/gorzow.news\/wp-content\/uploads\/2022\/11\/cropped-akt-fotob-3421.jpg","type":"image\/jpeg"}],"author":"maciej","twitter_card":"summary_large_image","twitter_misc":{"Napisane przez":"maciej","Szacowany czas czytania":"2 minuty"},"schema":{"@context":"https:\/\/schema.org","@graph":[{"@type":"Article","@id":"https:\/\/gorzow.news\/index.php\/2022\/11\/09\/chore-drzewa-zostana-wyciete-miasto-szuka-firmy\/#article","isPartOf":{"@id":"https:\/\/gorzow.news\/index.php\/2022\/11\/09\/chore-drzewa-zostana-wyciete-miasto-szuka-firmy\/"},"author":{"name":"maciej","@id":"https:\/\/gorzow.news\/#\/schema\/person\/a1e5ab43166369f2ce236a1cd90995bb"},"headline":"Chore drzewa zostan\u0105 wyci\u0119te. Miasto szuka firmy","datePublished":"2022-11-09T15:22:00+00:00","dateModified":"2022-11-13T15:23:08+00:00","mainEntityOfPage":{"@id":"https:\/\/gorzow.news\/index.php\/2022\/11\/09\/chore-drzewa-zostana-wyciete-miasto-szuka-firmy\/"},"wordCount":215,"commentCount":0,"image":{"@id":"https:\/\/gorzow.news\/index.php\/2022\/11\/09\/chore-drzewa-zostana-wyciete-miasto-szuka-firmy\/#primaryimage"},"thumbnailUrl":"https:\/\/gorzow.news\/wp-content\/uploads\/2022\/11\/cropped-akt-fotob-3421.jpg","keywords":["wycinka drzew"],"articleSection":["Fakty i opinie","W skr\u00f3cie","Wiadomo\u015bci"],"inLanguage":"pl-PL","potentialAction":[{"@type":"CommentAction","name":"Comment","target":["https:\/\/gorzow.news\/index.php\/2022\/11\/09\/chore-drzewa-zostana-wyciete-miasto-szuka-firmy\/#respond"]}]},{"@type":"WebPage","@id":"https:\/\/gorzow.news\/index.php\/2022\/11\/09\/chore-drzewa-zostana-wyciete-miasto-szuka-firmy\/","url":"https:\/\/gorzow.news\/index.php\/2022\/11\/09\/chore-drzewa-zostana-wyciete-miasto-szuka-firmy\/","name":"Chore drzewa zostan\u0105 wyci\u0119te. Miasto szuka firmy - Gorz\u00f3w News","isPartOf":{"@id":"https:\/\/gorzow.news\/#website"},"primaryImageOfPage":{"@id":"https:\/\/gorzow.news\/index.php\/2022\/11\/09\/chore-drzewa-zostana-wyciete-miasto-szuka-firmy\/#primaryimage"},"image":{"@id":"https:\/\/gorzow.news\/index.php\/2022\/11\/09\/chore-drzewa-zostana-wyciete-miasto-szuka-firmy\/#primaryimage"},"thumbnailUrl":"https:\/\/gorzow.news\/wp-content\/uploads\/2022\/11\/cropped-akt-fotob-3421.jpg","datePublished":"2022-11-09T15:22:00+00:00","dateModified":"2022-11-13T15:23:08+00:00","author":{"@id":"https:\/\/gorzow.news\/#\/schema\/person\/a1e5ab43166369f2ce236a1cd90995bb"},"description":"Wydzia\u0142 Gospodarki Komunalnej i Transportu Publicznego poszukuje firmy, kt\u00f3ra podejmie si\u0119 wycinki 357 drzew, z uwagi na stan ich obumarcia, z\u0142\u0105 kondycj\u0119 fito sanitarn\u0105 i kt\u00f3re stanowi\u0105 zagro\u017cenie dla mieszka\u0144c\u00f3w. W zamian Miasto zasadzi co najmniej 210 drzewek o wysoko\u015bci minimum jednego metra.","breadcrumb":{"@id":"https:\/\/gorzow.news\/index.php\/2022\/11\/09\/chore-drzewa-zostana-wyciete-miasto-szuka-firmy\/#breadcrumb"},"inLanguage":"pl-PL","potentialAction":[{"@type":"ReadAction","target":["https:\/\/gorzow.news\/index.php\/2022\/11\/09\/chore-drzewa-zostana-wyciete-miasto-szuka-firmy\/"]}]},{"@type":"ImageObject","inLanguage":"pl-PL","@id":"https:\/\/gorzow.news\/index.php\/2022\/11\/09\/chore-drzewa-zostana-wyciete-miasto-szuka-firmy\/#primaryimage","url":"https:\/\/gorzow.news\/wp-content\/uploads\/2022\/11\/cropped-akt-fotob-3421.jpg","contentUrl":"https:\/\/gorzow.news\/wp-content\/uploads\/2022\/11\/cropped-akt-fotob-3421.jpg","width":1192,"height":751},{"@type":"BreadcrumbList","@id":"https:\/\/gorzow.news\/index.php\/2022\/11\/09\/chore-drzewa-zostana-wyciete-miasto-szuka-firmy\/#breadcrumb","itemListElement":[{"@type":"ListItem","position":1,"name":"Home","item":"https:\/\/gorzow.news\/"},{"@type":"ListItem","position":2,"name":"Chore drzewa zostan\u0105 wyci\u0119te. Miasto szuka firmy"}]},{"@type":"WebSite","@id":"https:\/\/gorzow.news\/#website","url":"https:\/\/gorzow.news\/","name":"Gorz\u00f3w News","description":"Sp\u00f3jrz inaczej na miato i region...","potentialAction":[{"@type":"SearchAction","target":{"@type":"EntryPoint","urlTemplate":"https:\/\/gorzow.news\/?s={search_term_string}"},"query-input":{"@type":"PropertyValueSpecification","valueRequired":true,"valueName":"search_term_string"}}],"inLanguage":"pl-PL"},{"@type":"Person","@id":"https:\/\/gorzow.news\/#\/schema\/person\/a1e5ab43166369f2ce236a1cd90995bb","name":"maciej","image":{"@type":"ImageObject","inLanguage":"pl-PL","@id":"https:\/\/secure.gravatar.com\/avatar\/530a674d56ba60cfa0ef21d74e8e8d123a51bb7aa6580465b5c2ab2c2e980a19?s=96&r=g&d=https:\/\/gorzow.news\/wp-content\/plugins\/userswp\/assets\/images\/no_profile.png","url":"https:\/\/secure.gravatar.com\/avatar\/530a674d56ba60cfa0ef21d74e8e8d123a51bb7aa6580465b5c2ab2c2e980a19?s=96&r=g&d=https:\/\/gorzow.news\/wp-content\/plugins\/userswp\/assets\/images\/no_profile.png","contentUrl":"https:\/\/secure.gravatar.com\/avatar\/530a674d56ba60cfa0ef21d74e8e8d123a51bb7aa6580465b5c2ab2c2e980a19?s=96&r=g&d=https:\/\/gorzow.news\/wp-content\/plugins\/userswp\/assets\/images\/no_profile.png","caption":"maciej"},"url":"https:\/\/gorzow.news\/index.php\/profile\/maciej\/"}]}},"_links":{"self":[{"href":"https:\/\/gorzow.news\/index.php\/wp-json\/wp\/v2\/posts\/10481","targetHints":{"allow":["GET"]}}],"collection":[{"href":"https:\/\/gorzow.news\/index.php\/wp-json\/wp\/v2\/posts"}],"about":[{"href":"https:\/\/gorzow.news\/index.php\/wp-json\/wp\/v2\/types\/post"}],"author":[{"embeddable":true,"href":"https:\/\/gorzow.news\/index.php\/wp-json\/wp\/v2\/users\/1"}],"replies":[{"embeddable":true,"href":"https:\/\/gorzow.news\/index.php\/wp-json\/wp\/v2\/comments?post=10481"}],"version-history":[{"count":0,"href":"https:\/\/gorzow.news\/index.php\/wp-json\/wp\/v2\/posts\/10481\/revisions"}],"wp:featuredmedia":[{"embeddable":true,"href":"https:\/\/gorzow.news\/index.php\/wp-json\/wp\/v2\/media\/10482"}],"wp:attachment":[{"href":"https:\/\/gorzow.news\/index.php\/wp-json\/wp\/v2\/media?parent=10481"}],"wp:term":[{"taxonomy":"category","embeddable":true,"href":"https:\/\/gorzow.news\/index.php\/wp-json\/wp\/v2\/categories?post=10481"},{"taxonomy":"post_tag","embeddable":true,"href":"https:\/\/gorzow.news\/index.php\/wp-json\/wp\/v2\/tags?post=10481"}],"curies":[{"name":"wp","href":"https:\/\/api.w.org\/{rel}","templated":true}]}}