{"id":10348,"date":"2022-10-27T20:15:35","date_gmt":"2022-10-27T18:15:35","guid":{"rendered":"https:\/\/gorzow.news\/?p=10348"},"modified":"2022-10-27T20:15:38","modified_gmt":"2022-10-27T18:15:38","slug":"mis-tous-juz-zaprasza-do-siebie-salon-w-gorzowie-otwarty-zdjecia","status":"publish","type":"post","link":"https:\/\/gorzow.news\/index.php\/2022\/10\/27\/mis-tous-juz-zaprasza-do-siebie-salon-w-gorzowie-otwarty-zdjecia\/","title":{"rendered":"Mi\u015b TOUS ju\u017c zaprasza do siebie! Salon w Gorzowie otwarty! (zdj\u0119cia)"},"content":{"rendered":"\n<p><strong>Przy ul. Przemys\u0142owej w Centrum Handlowym NoVa Park sw\u00f3j salon otworzy\u0142a dzi\u015b marka TOUS. Sklep zlokalizowany jest na parterze obok salon\u00f3w W.Kruk i Fielmann.<\/strong><\/p>\n\n\n\n<p>TOUS to marka bi\u017cuterii, z kt\u00f3r\u0105 kreatywno\u015b\u0107 i autoekspresja nabieraj\u0105 blasku.<\/p>\n\n\n\n<p>W 2020 roku, \u015bwi\u0119tuj\u0105c stulecie istnienia, marka TOUS obra\u0142a odwa\u017cne cele na przysz\u0142o\u015b\u0107, rozpoczynaj\u0105c wieloletni\u0105, szeroko zakrojon\u0105 transformacj\u0119 na trzech kluczowych p\u0142aszczyznach: ukierunkowaniu na klienta, zr\u00f3wnowa\u017conego rozwoju oraz poprawy wydajno\u015bci.<\/p>\n\n\n\n<p>Obecna w 46 krajach marka posiada ponad 700 sklep\u00f3w, a jej obroty w 2021 roku wynios\u0142y 384 miliony euro. Si\u0142\u0105 nap\u0119dow\u0105 przedsi\u0119biorstwa s\u0105 4 tysi\u0105ce pracownik\u00f3w, kt\u00f3rzy razem tworz\u0105 TOUS zgodnie z misj\u0105 marki: \u201eWymy\u015blamy, nakre\u015blamy i budujemy nasz w\u0142asny \u015bwiat przy u\u017cyciu r\u0105k i serc. \u015awiat, kt\u00f3ry wzbudza rado\u015b\u0107, entuzjazm i pasj\u0119, i kt\u00f3ry poprawia samopoczucie\u201d. Misj\u0119 marki podsumowuje sze\u015b\u0107 s\u0142\u00f3w: \u201eWe craft a world of joy\u201d. Ten sam cel przy\u015bwieca dzia\u0142aniom spo\u0142ecznym firmy, kt\u00f3ra anga\u017cuje si\u0119 w ochron\u0119 \u015brodowiska i rzemios\u0142a poprzez tworzenie miejsc pracy bran\u017cy oraz szkolenia w utworzonej w 2018 roku Szkole Bi\u017cuterii i Rzemios\u0142a TOUS (ETJOA).<\/p>\n\n\n\n<p>We craft a world of joy. W tych sze\u015bciu s\u0142owach zawarto si\u0142\u0119, kt\u00f3ra nap\u0119dza firm\u0119 od momentu jej powstania, i kt\u00f3ra wyznacza jej kierunek dalszego rozwoju. Manifestem TOUS pozostaje poni\u017csza deklaracja, kt\u00f3ra na przestrzeni lat dociera\u0142a do klient\u00f3w w tak wielu r\u00f3\u017cnych krajach:<\/p>\n\n\n\n<p>\u201eMy, czyli TOUS, wymy\u015blamy, nakre\u015blamy i budujemy nasz w\u0142asny \u015bwiat przy u\u017cyciu r\u0105k i serc. \u015awiat, kt\u00f3ry wzbudza rado\u015b\u0107, entuzjazm i pasj\u0119, i kt\u00f3ry sprawia, \u017ce czujemy si\u0119 dobrze. \u015awiata TOUS nie ma sensu wyja\u015bnia\u0107 &#8211; trzeba go poczu\u0107\u201d.<\/p>\n\n\n\n<p>Od lipca w NoVa Park trwa seria otwar\u0107 nowych salon\u00f3w. Do grona najemc\u00f3w do\u0142\u0105czyli: drogeria Hebe, Outhorn, Olimp Store, Kraina Ser\u00f3w, Change Lingerie i teraz TOUS. Jeszcze w tym roku otwarte maj\u0105 zosta\u0107 salon iSpot Apple Premium Reseller i kawiarnia So! Coffee.<\/p>\n\n\n\n<p><strong>Przeczytaj te\u017c:<\/strong><br>&#8211; <a href=\"https:\/\/gorzow.news\/index.php\/2022\/10\/20\/change-lingerie-juz-otwarty-pierwszy-sklep-z-dunska-bielizna-w-gorzowie-zdjecia\/\">CHANGE Lingerie ju\u017c otwarty! Pierwszy sklep z du\u0144sk\u0105 bielizn\u0105 w Gorzowie (zdj\u0119cia)<\/a><br>&#8211; <a href=\"https:\/\/gorzow.news\/index.php\/2022\/10\/17\/raj-dla-milosnikow-sprzetu-od-marki-z-nadgryzionym-jablkiem-w-logo-do-gorzowa-wchodzi-ispot\/\">Raj dla mi\u0142o\u015bnik\u00f3w sprz\u0119tu od marki z nadgryzionym jab\u0142kiem w logo! Do Gorzowa wchodzi iSpot!<\/a><br>&#8211; <a href=\"https:\/\/gorzow.news\/index.php\/2022\/10\/04\/za-chwile-nowe-otwarcia-w-nova-park\/\">Za chwil\u0119 nowe otwarcia w NoVa Park<\/a><br>&#8211; <a href=\"https:\/\/gorzow.news\/index.php\/2022\/08\/30\/do-gorzowa-wchodzi-nowa-sieciowa-kawiarnia-zdjecia\/\">Do Gorzowa wchodzi nowa sieciowa kawiarnia! (zdj\u0119cia)<\/a><br>&#8211; <a href=\"https:\/\/gorzow.news\/index.php\/2022\/08\/22\/kraina-serow-wchodzi-do-gorzowa-to-pierwszy-tego-typu-sklep-w-miescie-zdjecia\/\">Kraina Ser\u00f3w wchodzi do Gorzowa! To pierwszy tego typu sklep w mie\u015bcie! (zdj\u0119cia)<\/a><br>&#8211; <a href=\"https:\/\/gorzow.news\/index.php\/2022\/08\/12\/nova-park-od-wrzesnia-bez-sklepu-spozywczego\/\">NoVa Park od wrze\u015bnia bez sklepu spo\u017cywczego!<\/a><br>&#8211; <a href=\"https:\/\/gorzow.news\/index.php\/2022\/07\/29\/pierwsza-drogeria-hebe-w-gorzowie-juz-otwarta\/\">Pierwsza drogeria Hebe w Gorzowie ju\u017c otwarta! (zdj\u0119cia)<\/a><\/p>\n\n\n\r\n                <style type=\"text\/css\">\r\n                    \r\n                    #tdi_1  .td-doubleSlider-2 .td-item1 {\r\n                        background: url(https:\/\/gorzow.news\/wp-content\/uploads\/2022\/10\/312809199_6146394892042373_8096848065519688254_n.jpg) 0 0 no-repeat;\r\n                    }\r\n                    #tdi_1  .td-doubleSlider-2 .td-item2 {\r\n                        background: url(https:\/\/gorzow.news\/wp-content\/uploads\/2022\/10\/312044773_6146394478709081_3739458104702316479_n.jpg) 0 0 no-repeat;\r\n                    }\r\n                    #tdi_1  .td-doubleSlider-2 .td-item3 {\r\n                        background: url(https:\/\/gorzow.news\/wp-content\/uploads\/2022\/10\/312602451_6146395508708978_6853604589454100129_n.jpg) 0 0 no-repeat;\r\n                    }\r\n                    #tdi_1  .td-doubleSlider-2 .td-item4 {\r\n                        background: url(https:\/\/gorzow.news\/wp-content\/uploads\/2022\/10\/312653228_6146395228709006_750358816153489357_n.jpg) 0 0 no-repeat;\r\n                    }\r\n                    #tdi_1  .td-doubleSlider-2 .td-item5 {\r\n                        background: url(https:\/\/gorzow.news\/wp-content\/uploads\/2022\/10\/312346746_6146390758709453_8286367856321921647_n.jpg) 0 0 no-repeat;\r\n                    }\r\n                <\/style>\r\n\r\n                <div id=\"tdi_1\" class=\"td-gallery td-slide-on-2-columns\">\r\n                    <div class=\"post_td_gallery\">\r\n                        <div class=\"td-gallery-slide-top\">\r\n                           <div class=\"td-gallery-title\">Salon TOUS w NoVa Park<\/div>\r\n\r\n                            <div class=\"td-gallery-controls-wrapper\">\r\n                                <div class=\"td-gallery-slide-count\"><span class=\"td-gallery-slide-item-focus\">1<\/span> z 5<\/div>\r\n                                <div class=\"td-gallery-slide-prev-next-but\">\r\n                                    <i class = \"td-icon-left doubleSliderPrevButton\"><\/i>\r\n                                    <i class = \"td-icon-right doubleSliderNextButton\"><\/i>\r\n                                <\/div>\r\n                            <\/div>\r\n                        <\/div>\r\n\r\n                        <div class = \"td-doubleSlider-1 \">\r\n                            <div class = \"td-slider\">\r\n                                \r\n                    <div class = \"td-slide-item td-item1\">\r\n                        <figure class=\"td-slide-galery-figure td-slide-popup-gallery\">\r\n                            <a class=\"slide-gallery-image-link\" href=\"https:\/\/gorzow.news\/wp-content\/uploads\/2022\/10\/312809199_6146394892042373_8096848065519688254_n.jpg\" title=\"\"  data-caption=\"\"  data-description=\"\">\r\n                                <img decoding=\"async\" src=\"https:\/\/gorzow.news\/wp-content\/uploads\/2022\/10\/312809199_6146394892042373_8096848065519688254_n.jpg\" srcset=\"https:\/\/gorzow.news\/wp-content\/uploads\/2022\/10\/312809199_6146394892042373_8096848065519688254_n.jpg 2048w, https:\/\/gorzow.news\/wp-content\/uploads\/2022\/10\/312809199_6146394892042373_8096848065519688254_n-300x200.jpg 300w, https:\/\/gorzow.news\/wp-content\/uploads\/2022\/10\/312809199_6146394892042373_8096848065519688254_n-1024x683.jpg 1024w, https:\/\/gorzow.news\/wp-content\/uploads\/2022\/10\/312809199_6146394892042373_8096848065519688254_n-768x512.jpg 768w, https:\/\/gorzow.news\/wp-content\/uploads\/2022\/10\/312809199_6146394892042373_8096848065519688254_n-1536x1024.jpg 1536w, https:\/\/gorzow.news\/wp-content\/uploads\/2022\/10\/312809199_6146394892042373_8096848065519688254_n-696x464.jpg 696w, https:\/\/gorzow.news\/wp-content\/uploads\/2022\/10\/312809199_6146394892042373_8096848065519688254_n-1068x712.jpg 1068w, https:\/\/gorzow.news\/wp-content\/uploads\/2022\/10\/312809199_6146394892042373_8096848065519688254_n-1920x1280.jpg 1920w\" sizes=\"(max-width: 2048px) 100vw, 2048px\" alt=\"\">\r\n                            <\/a>\r\n                            \r\n                        <\/figure>\r\n                    <\/div>\r\n                    <div class = \"td-slide-item td-item2\">\r\n                        <figure class=\"td-slide-galery-figure td-slide-popup-gallery\">\r\n                            <a class=\"slide-gallery-image-link\" href=\"https:\/\/gorzow.news\/wp-content\/uploads\/2022\/10\/312044773_6146394478709081_3739458104702316479_n.jpg\" title=\"\"  data-caption=\"\"  data-description=\"\">\r\n                                <img decoding=\"async\" src=\"https:\/\/gorzow.news\/wp-content\/uploads\/2022\/10\/312044773_6146394478709081_3739458104702316479_n.jpg\" srcset=\"https:\/\/gorzow.news\/wp-content\/uploads\/2022\/10\/312044773_6146394478709081_3739458104702316479_n.jpg 2048w, https:\/\/gorzow.news\/wp-content\/uploads\/2022\/10\/312044773_6146394478709081_3739458104702316479_n-300x200.jpg 300w, https:\/\/gorzow.news\/wp-content\/uploads\/2022\/10\/312044773_6146394478709081_3739458104702316479_n-1024x683.jpg 1024w, https:\/\/gorzow.news\/wp-content\/uploads\/2022\/10\/312044773_6146394478709081_3739458104702316479_n-768x512.jpg 768w, https:\/\/gorzow.news\/wp-content\/uploads\/2022\/10\/312044773_6146394478709081_3739458104702316479_n-1536x1024.jpg 1536w, https:\/\/gorzow.news\/wp-content\/uploads\/2022\/10\/312044773_6146394478709081_3739458104702316479_n-696x464.jpg 696w, https:\/\/gorzow.news\/wp-content\/uploads\/2022\/10\/312044773_6146394478709081_3739458104702316479_n-1068x712.jpg 1068w, https:\/\/gorzow.news\/wp-content\/uploads\/2022\/10\/312044773_6146394478709081_3739458104702316479_n-1920x1280.jpg 1920w\" sizes=\"(max-width: 2048px) 100vw, 2048px\" alt=\"\">\r\n                            <\/a>\r\n                            \r\n                        <\/figure>\r\n                    <\/div>\r\n                    <div class = \"td-slide-item td-item3\">\r\n                        <figure class=\"td-slide-galery-figure td-slide-popup-gallery\">\r\n                            <a class=\"slide-gallery-image-link\" href=\"https:\/\/gorzow.news\/wp-content\/uploads\/2022\/10\/312602451_6146395508708978_6853604589454100129_n.jpg\" title=\"\"  data-caption=\"\"  data-description=\"\">\r\n                                <img decoding=\"async\" src=\"https:\/\/gorzow.news\/wp-content\/uploads\/2022\/10\/312602451_6146395508708978_6853604589454100129_n.jpg\" srcset=\"https:\/\/gorzow.news\/wp-content\/uploads\/2022\/10\/312602451_6146395508708978_6853604589454100129_n.jpg 1365w, https:\/\/gorzow.news\/wp-content\/uploads\/2022\/10\/312602451_6146395508708978_6853604589454100129_n-200x300.jpg 200w, https:\/\/gorzow.news\/wp-content\/uploads\/2022\/10\/312602451_6146395508708978_6853604589454100129_n-683x1024.jpg 683w, https:\/\/gorzow.news\/wp-content\/uploads\/2022\/10\/312602451_6146395508708978_6853604589454100129_n-768x1152.jpg 768w, https:\/\/gorzow.news\/wp-content\/uploads\/2022\/10\/312602451_6146395508708978_6853604589454100129_n-1024x1536.jpg 1024w, https:\/\/gorzow.news\/wp-content\/uploads\/2022\/10\/312602451_6146395508708978_6853604589454100129_n-696x1044.jpg 696w, https:\/\/gorzow.news\/wp-content\/uploads\/2022\/10\/312602451_6146395508708978_6853604589454100129_n-1068x1602.jpg 1068w\" sizes=\"(max-width: 1365px) 100vw, 1365px\" alt=\"\">\r\n                            <\/a>\r\n                            \r\n                        <\/figure>\r\n                    <\/div>\r\n                    <div class = \"td-slide-item td-item4\">\r\n                        <figure class=\"td-slide-galery-figure td-slide-popup-gallery\">\r\n                            <a class=\"slide-gallery-image-link\" href=\"https:\/\/gorzow.news\/wp-content\/uploads\/2022\/10\/312653228_6146395228709006_750358816153489357_n.jpg\" title=\"\"  data-caption=\"\"  data-description=\"\">\r\n                                <img decoding=\"async\" src=\"https:\/\/gorzow.news\/wp-content\/uploads\/2022\/10\/312653228_6146395228709006_750358816153489357_n.jpg\" srcset=\"https:\/\/gorzow.news\/wp-content\/uploads\/2022\/10\/312653228_6146395228709006_750358816153489357_n.jpg 2048w, https:\/\/gorzow.news\/wp-content\/uploads\/2022\/10\/312653228_6146395228709006_750358816153489357_n-300x200.jpg 300w, https:\/\/gorzow.news\/wp-content\/uploads\/2022\/10\/312653228_6146395228709006_750358816153489357_n-1024x683.jpg 1024w, https:\/\/gorzow.news\/wp-content\/uploads\/2022\/10\/312653228_6146395228709006_750358816153489357_n-768x512.jpg 768w, https:\/\/gorzow.news\/wp-content\/uploads\/2022\/10\/312653228_6146395228709006_750358816153489357_n-1536x1024.jpg 1536w, https:\/\/gorzow.news\/wp-content\/uploads\/2022\/10\/312653228_6146395228709006_750358816153489357_n-696x464.jpg 696w, https:\/\/gorzow.news\/wp-content\/uploads\/2022\/10\/312653228_6146395228709006_750358816153489357_n-1068x712.jpg 1068w, https:\/\/gorzow.news\/wp-content\/uploads\/2022\/10\/312653228_6146395228709006_750358816153489357_n-1920x1280.jpg 1920w\" sizes=\"(max-width: 2048px) 100vw, 2048px\" alt=\"\">\r\n                            <\/a>\r\n                            \r\n                        <\/figure>\r\n                    <\/div>\r\n                    <div class = \"td-slide-item td-item5\">\r\n                        <figure class=\"td-slide-galery-figure td-slide-popup-gallery\">\r\n                            <a class=\"slide-gallery-image-link\" href=\"https:\/\/gorzow.news\/wp-content\/uploads\/2022\/10\/312346746_6146390758709453_8286367856321921647_n.jpg\" title=\"\"  data-caption=\"Salon TOUS w NoVa Park przy ul. Przemys\u0142owej.\"  data-description=\"\">\r\n                                <img decoding=\"async\" src=\"https:\/\/gorzow.news\/wp-content\/uploads\/2022\/10\/312346746_6146390758709453_8286367856321921647_n.jpg\" srcset=\"https:\/\/gorzow.news\/wp-content\/uploads\/2022\/10\/312346746_6146390758709453_8286367856321921647_n.jpg 2048w, https:\/\/gorzow.news\/wp-content\/uploads\/2022\/10\/312346746_6146390758709453_8286367856321921647_n-300x200.jpg 300w, https:\/\/gorzow.news\/wp-content\/uploads\/2022\/10\/312346746_6146390758709453_8286367856321921647_n-1024x683.jpg 1024w, https:\/\/gorzow.news\/wp-content\/uploads\/2022\/10\/312346746_6146390758709453_8286367856321921647_n-768x512.jpg 768w, https:\/\/gorzow.news\/wp-content\/uploads\/2022\/10\/312346746_6146390758709453_8286367856321921647_n-1536x1024.jpg 1536w, https:\/\/gorzow.news\/wp-content\/uploads\/2022\/10\/312346746_6146390758709453_8286367856321921647_n-696x464.jpg 696w, https:\/\/gorzow.news\/wp-content\/uploads\/2022\/10\/312346746_6146390758709453_8286367856321921647_n-1068x712.jpg 1068w, https:\/\/gorzow.news\/wp-content\/uploads\/2022\/10\/312346746_6146390758709453_8286367856321921647_n-1920x1280.jpg 1920w\" sizes=\"(max-width: 2048px) 100vw, 2048px\" alt=\"\">\r\n                            <\/a>\r\n                            <figcaption class = \"td-slide-caption td-gallery-slide-content\"><div class = \"td-gallery-slide-copywrite\">Salon TOUS w NoVa Park przy ul. Przemys\u0142owej.<\/div><\/figcaption>\r\n                        <\/figure>\r\n                    <\/div>\r\n                            <\/div>\r\n                        <\/div>\r\n\r\n                        <div class = \"td-doubleSlider-2\">\r\n                            <div class = \"td-slider\">\r\n                                \r\n                    <div class = \"td-button td-item1\">\r\n                        <div class = \"td-border\"><\/div>\r\n                    <\/div>\r\n                    <div class = \"td-button td-item2\">\r\n                        <div class = \"td-border\"><\/div>\r\n                    <\/div>\r\n                    <div class = \"td-button td-item3\">\r\n                        <div class = \"td-border\"><\/div>\r\n                    <\/div>\r\n                    <div class = \"td-button td-item4\">\r\n                        <div class = \"td-border\"><\/div>\r\n                    <\/div>\r\n                    <div class = \"td-button td-item5\">\r\n                        <div class = \"td-border\"><\/div>\r\n                    <\/div>\r\n                            <\/div>\r\n                        <\/div>\r\n\r\n                    <\/div>\r\n\r\n                <\/div>\r\n                ","protected":false},"excerpt":{"rendered":"<p>Przy ul. Przemys\u0142owej w Centrum Handlowym NoVa Park sw\u00f3j salon otworzy\u0142a dzi\u015b marka TOUS. Sklep zlokalizowany jest na parterze obok salon\u00f3w W.Kruk i Fielmann.<\/p>\n","protected":false},"author":1,"featured_media":10350,"comment_status":"open","ping_status":"open","sticky":false,"template":"","format":"standard","meta":{"footnotes":"","_links_to":"","_links_to_target":""},"categories":[1624,589],"tags":[1740,109,1775,1644,97,1536,1252,949,1651,1739],"class_list":{"0":"post-10348","1":"post","2":"type-post","3":"status-publish","4":"format-standard","5":"has-post-thumbnail","7":"category-inwestycje-handlowe","8":"category-wiadomosci","9":"tag-change-lingerie","10":"tag-hebe","12":"tag-kraina-serow","13":"tag-nova-park","14":"tag-olimp-store","15":"tag-outhorn","16":"tag-przemyslowa","17":"tag-so-coffee","18":"tag-tous"},"yoast_head":"<!-- This site is optimized with the Yoast SEO plugin v27.3 - https:\/\/yoast.com\/product\/yoast-seo-wordpress\/ -->\n<title>Mi\u015b TOUS ju\u017c zaprasza do siebie! Salon w Gorzowie otwarty! (zdj\u0119cia) - Gorz\u00f3w News<\/title>\n<meta name=\"description\" content=\"Przy ul. Przemys\u0142owej w Centrum Handlowym NoVa Park sw\u00f3j salon otworzy\u0142a dzi\u015b marka TOUS. Sklep zlokalizowany jest na parterze obok salon\u00f3w W.Kru\" \/>\n<meta name=\"robots\" content=\"index, follow, max-snippet:-1, max-image-preview:large, max-video-preview:-1\" \/>\n<link rel=\"canonical\" href=\"https:\/\/gorzow.news\/index.php\/2022\/10\/27\/mis-tous-juz-zaprasza-do-siebie-salon-w-gorzowie-otwarty-zdjecia\/\" \/>\n<meta property=\"og:locale\" content=\"pl_PL\" \/>\n<meta property=\"og:type\" content=\"article\" \/>\n<meta property=\"og:title\" content=\"Mi\u015b TOUS ju\u017c zaprasza do siebie! Salon w Gorzowie otwarty! (zdj\u0119cia) - Gorz\u00f3w News\" \/>\n<meta property=\"og:description\" content=\"Przy ul. Przemys\u0142owej w Centrum Handlowym NoVa Park sw\u00f3j salon otworzy\u0142a dzi\u015b marka TOUS. Sklep zlokalizowany jest na parterze obok salon\u00f3w W.Kru\" \/>\n<meta property=\"og:url\" content=\"https:\/\/gorzow.news\/index.php\/2022\/10\/27\/mis-tous-juz-zaprasza-do-siebie-salon-w-gorzowie-otwarty-zdjecia\/\" \/>\n<meta property=\"og:site_name\" content=\"Gorz\u00f3w News\" \/>\n<meta property=\"article:publisher\" content=\"https:\/\/www.facebook.com\/gorzowskinews\" \/>\n<meta property=\"article:published_time\" content=\"2022-10-27T18:15:35+00:00\" \/>\n<meta property=\"article:modified_time\" content=\"2022-10-27T18:15:38+00:00\" \/>\n<meta property=\"og:image\" content=\"https:\/\/gorzow.news\/wp-content\/uploads\/2022\/10\/312346746_6146390758709453_8286367856321921647_n.jpg\" \/>\n\t<meta property=\"og:image:width\" content=\"2048\" \/>\n\t<meta property=\"og:image:height\" content=\"1365\" \/>\n\t<meta property=\"og:image:type\" content=\"image\/jpeg\" \/>\n<meta name=\"author\" content=\"maciej\" \/>\n<meta name=\"twitter:card\" content=\"summary_large_image\" \/>\n<meta name=\"twitter:label1\" content=\"Napisane przez\" \/>\n\t<meta name=\"twitter:data1\" content=\"maciej\" \/>\n\t<meta name=\"twitter:label2\" content=\"Szacowany czas czytania\" \/>\n\t<meta name=\"twitter:data2\" content=\"3 minuty\" \/>\n<script type=\"application\/ld+json\" class=\"yoast-schema-graph\">{\"@context\":\"https:\\\/\\\/schema.org\",\"@graph\":[{\"@type\":\"Article\",\"@id\":\"https:\\\/\\\/gorzow.news\\\/index.php\\\/2022\\\/10\\\/27\\\/mis-tous-juz-zaprasza-do-siebie-salon-w-gorzowie-otwarty-zdjecia\\\/#article\",\"isPartOf\":{\"@id\":\"https:\\\/\\\/gorzow.news\\\/index.php\\\/2022\\\/10\\\/27\\\/mis-tous-juz-zaprasza-do-siebie-salon-w-gorzowie-otwarty-zdjecia\\\/\"},\"author\":{\"name\":\"maciej\",\"@id\":\"https:\\\/\\\/gorzow.news\\\/#\\\/schema\\\/person\\\/a1e5ab43166369f2ce236a1cd90995bb\"},\"headline\":\"Mi\u015b TOUS ju\u017c zaprasza do siebie! Salon w Gorzowie otwarty! (zdj\u0119cia)\",\"datePublished\":\"2022-10-27T18:15:35+00:00\",\"dateModified\":\"2022-10-27T18:15:38+00:00\",\"mainEntityOfPage\":{\"@id\":\"https:\\\/\\\/gorzow.news\\\/index.php\\\/2022\\\/10\\\/27\\\/mis-tous-juz-zaprasza-do-siebie-salon-w-gorzowie-otwarty-zdjecia\\\/\"},\"wordCount\":466,\"commentCount\":0,\"image\":{\"@id\":\"https:\\\/\\\/gorzow.news\\\/index.php\\\/2022\\\/10\\\/27\\\/mis-tous-juz-zaprasza-do-siebie-salon-w-gorzowie-otwarty-zdjecia\\\/#primaryimage\"},\"thumbnailUrl\":\"https:\\\/\\\/gorzow.news\\\/wp-content\\\/uploads\\\/2022\\\/10\\\/312346746_6146390758709453_8286367856321921647_n.jpg\",\"keywords\":[\"Change Lingerie\",\"Hebe\",\"iSpot\",\"Kraina Ser\u00f3w\",\"Nova Park\",\"Olimp Store\",\"Outhorn\",\"Przemys\u0142owa\",\"So! Coffee\",\"TOUS\"],\"articleSection\":[\"Inwestycje handlowe\",\"Wiadomo\u015bci\"],\"inLanguage\":\"pl-PL\",\"potentialAction\":[{\"@type\":\"CommentAction\",\"name\":\"Comment\",\"target\":[\"https:\\\/\\\/gorzow.news\\\/index.php\\\/2022\\\/10\\\/27\\\/mis-tous-juz-zaprasza-do-siebie-salon-w-gorzowie-otwarty-zdjecia\\\/#respond\"]}]},{\"@type\":\"WebPage\",\"@id\":\"https:\\\/\\\/gorzow.news\\\/index.php\\\/2022\\\/10\\\/27\\\/mis-tous-juz-zaprasza-do-siebie-salon-w-gorzowie-otwarty-zdjecia\\\/\",\"url\":\"https:\\\/\\\/gorzow.news\\\/index.php\\\/2022\\\/10\\\/27\\\/mis-tous-juz-zaprasza-do-siebie-salon-w-gorzowie-otwarty-zdjecia\\\/\",\"name\":\"Mi\u015b TOUS ju\u017c zaprasza do siebie! Salon w Gorzowie otwarty! (zdj\u0119cia) - Gorz\u00f3w News\",\"isPartOf\":{\"@id\":\"https:\\\/\\\/gorzow.news\\\/#website\"},\"primaryImageOfPage\":{\"@id\":\"https:\\\/\\\/gorzow.news\\\/index.php\\\/2022\\\/10\\\/27\\\/mis-tous-juz-zaprasza-do-siebie-salon-w-gorzowie-otwarty-zdjecia\\\/#primaryimage\"},\"image\":{\"@id\":\"https:\\\/\\\/gorzow.news\\\/index.php\\\/2022\\\/10\\\/27\\\/mis-tous-juz-zaprasza-do-siebie-salon-w-gorzowie-otwarty-zdjecia\\\/#primaryimage\"},\"thumbnailUrl\":\"https:\\\/\\\/gorzow.news\\\/wp-content\\\/uploads\\\/2022\\\/10\\\/312346746_6146390758709453_8286367856321921647_n.jpg\",\"datePublished\":\"2022-10-27T18:15:35+00:00\",\"dateModified\":\"2022-10-27T18:15:38+00:00\",\"author\":{\"@id\":\"https:\\\/\\\/gorzow.news\\\/#\\\/schema\\\/person\\\/a1e5ab43166369f2ce236a1cd90995bb\"},\"description\":\"Przy ul. Przemys\u0142owej w Centrum Handlowym NoVa Park sw\u00f3j salon otworzy\u0142a dzi\u015b marka TOUS. Sklep zlokalizowany jest na parterze obok salon\u00f3w W.Kruk i Fielmann.\",\"breadcrumb\":{\"@id\":\"https:\\\/\\\/gorzow.news\\\/index.php\\\/2022\\\/10\\\/27\\\/mis-tous-juz-zaprasza-do-siebie-salon-w-gorzowie-otwarty-zdjecia\\\/#breadcrumb\"},\"inLanguage\":\"pl-PL\",\"potentialAction\":[{\"@type\":\"ReadAction\",\"target\":[\"https:\\\/\\\/gorzow.news\\\/index.php\\\/2022\\\/10\\\/27\\\/mis-tous-juz-zaprasza-do-siebie-salon-w-gorzowie-otwarty-zdjecia\\\/\"]}]},{\"@type\":\"ImageObject\",\"inLanguage\":\"pl-PL\",\"@id\":\"https:\\\/\\\/gorzow.news\\\/index.php\\\/2022\\\/10\\\/27\\\/mis-tous-juz-zaprasza-do-siebie-salon-w-gorzowie-otwarty-zdjecia\\\/#primaryimage\",\"url\":\"https:\\\/\\\/gorzow.news\\\/wp-content\\\/uploads\\\/2022\\\/10\\\/312346746_6146390758709453_8286367856321921647_n.jpg\",\"contentUrl\":\"https:\\\/\\\/gorzow.news\\\/wp-content\\\/uploads\\\/2022\\\/10\\\/312346746_6146390758709453_8286367856321921647_n.jpg\",\"width\":2048,\"height\":1365,\"caption\":\"Salon TOUS w NoVa Park przy ul. Przemys\u0142owej.\"},{\"@type\":\"BreadcrumbList\",\"@id\":\"https:\\\/\\\/gorzow.news\\\/index.php\\\/2022\\\/10\\\/27\\\/mis-tous-juz-zaprasza-do-siebie-salon-w-gorzowie-otwarty-zdjecia\\\/#breadcrumb\",\"itemListElement\":[{\"@type\":\"ListItem\",\"position\":1,\"name\":\"Home\",\"item\":\"https:\\\/\\\/gorzow.news\\\/\"},{\"@type\":\"ListItem\",\"position\":2,\"name\":\"Mi\u015b TOUS ju\u017c zaprasza do siebie! Salon w Gorzowie otwarty! (zdj\u0119cia)\"}]},{\"@type\":\"WebSite\",\"@id\":\"https:\\\/\\\/gorzow.news\\\/#website\",\"url\":\"https:\\\/\\\/gorzow.news\\\/\",\"name\":\"Gorz\u00f3w News\",\"description\":\"Sp\u00f3jrz inaczej na miato i region...\",\"potentialAction\":[{\"@type\":\"SearchAction\",\"target\":{\"@type\":\"EntryPoint\",\"urlTemplate\":\"https:\\\/\\\/gorzow.news\\\/?s={search_term_string}\"},\"query-input\":{\"@type\":\"PropertyValueSpecification\",\"valueRequired\":true,\"valueName\":\"search_term_string\"}}],\"inLanguage\":\"pl-PL\"},{\"@type\":\"Person\",\"@id\":\"https:\\\/\\\/gorzow.news\\\/#\\\/schema\\\/person\\\/a1e5ab43166369f2ce236a1cd90995bb\",\"name\":\"maciej\",\"image\":{\"@type\":\"ImageObject\",\"inLanguage\":\"pl-PL\",\"@id\":\"https:\\\/\\\/secure.gravatar.com\\\/avatar\\\/530a674d56ba60cfa0ef21d74e8e8d123a51bb7aa6580465b5c2ab2c2e980a19?s=96&r=g&d=https:\\\/\\\/gorzow.news\\\/wp-content\\\/plugins\\\/userswp\\\/assets\\\/images\\\/no_profile.png\",\"url\":\"https:\\\/\\\/secure.gravatar.com\\\/avatar\\\/530a674d56ba60cfa0ef21d74e8e8d123a51bb7aa6580465b5c2ab2c2e980a19?s=96&r=g&d=https:\\\/\\\/gorzow.news\\\/wp-content\\\/plugins\\\/userswp\\\/assets\\\/images\\\/no_profile.png\",\"contentUrl\":\"https:\\\/\\\/secure.gravatar.com\\\/avatar\\\/530a674d56ba60cfa0ef21d74e8e8d123a51bb7aa6580465b5c2ab2c2e980a19?s=96&r=g&d=https:\\\/\\\/gorzow.news\\\/wp-content\\\/plugins\\\/userswp\\\/assets\\\/images\\\/no_profile.png\",\"caption\":\"maciej\"},\"url\":\"https:\\\/\\\/gorzow.news\\\/index.php\\\/profile\\\/maciej\\\/\"}]}<\/script>\n<!-- \/ Yoast SEO plugin. -->","yoast_head_json":{"title":"Mi\u015b TOUS ju\u017c zaprasza do siebie! Salon w Gorzowie otwarty! (zdj\u0119cia) - Gorz\u00f3w News","description":"Przy ul. Przemys\u0142owej w Centrum Handlowym NoVa Park sw\u00f3j salon otworzy\u0142a dzi\u015b marka TOUS. Sklep zlokalizowany jest na parterze obok salon\u00f3w W.Kru","robots":{"index":"index","follow":"follow","max-snippet":"max-snippet:-1","max-image-preview":"max-image-preview:large","max-video-preview":"max-video-preview:-1"},"canonical":"https:\/\/gorzow.news\/index.php\/2022\/10\/27\/mis-tous-juz-zaprasza-do-siebie-salon-w-gorzowie-otwarty-zdjecia\/","og_locale":"pl_PL","og_type":"article","og_title":"Mi\u015b TOUS ju\u017c zaprasza do siebie! Salon w Gorzowie otwarty! (zdj\u0119cia) - Gorz\u00f3w News","og_description":"Przy ul. Przemys\u0142owej w Centrum Handlowym NoVa Park sw\u00f3j salon otworzy\u0142a dzi\u015b marka TOUS. Sklep zlokalizowany jest na parterze obok salon\u00f3w W.Kru","og_url":"https:\/\/gorzow.news\/index.php\/2022\/10\/27\/mis-tous-juz-zaprasza-do-siebie-salon-w-gorzowie-otwarty-zdjecia\/","og_site_name":"Gorz\u00f3w News","article_publisher":"https:\/\/www.facebook.com\/gorzowskinews","article_published_time":"2022-10-27T18:15:35+00:00","article_modified_time":"2022-10-27T18:15:38+00:00","og_image":[{"width":2048,"height":1365,"url":"https:\/\/gorzow.news\/wp-content\/uploads\/2022\/10\/312346746_6146390758709453_8286367856321921647_n.jpg","type":"image\/jpeg"}],"author":"maciej","twitter_card":"summary_large_image","twitter_misc":{"Napisane przez":"maciej","Szacowany czas czytania":"3 minuty"},"schema":{"@context":"https:\/\/schema.org","@graph":[{"@type":"Article","@id":"https:\/\/gorzow.news\/index.php\/2022\/10\/27\/mis-tous-juz-zaprasza-do-siebie-salon-w-gorzowie-otwarty-zdjecia\/#article","isPartOf":{"@id":"https:\/\/gorzow.news\/index.php\/2022\/10\/27\/mis-tous-juz-zaprasza-do-siebie-salon-w-gorzowie-otwarty-zdjecia\/"},"author":{"name":"maciej","@id":"https:\/\/gorzow.news\/#\/schema\/person\/a1e5ab43166369f2ce236a1cd90995bb"},"headline":"Mi\u015b TOUS ju\u017c zaprasza do siebie! Salon w Gorzowie otwarty! (zdj\u0119cia)","datePublished":"2022-10-27T18:15:35+00:00","dateModified":"2022-10-27T18:15:38+00:00","mainEntityOfPage":{"@id":"https:\/\/gorzow.news\/index.php\/2022\/10\/27\/mis-tous-juz-zaprasza-do-siebie-salon-w-gorzowie-otwarty-zdjecia\/"},"wordCount":466,"commentCount":0,"image":{"@id":"https:\/\/gorzow.news\/index.php\/2022\/10\/27\/mis-tous-juz-zaprasza-do-siebie-salon-w-gorzowie-otwarty-zdjecia\/#primaryimage"},"thumbnailUrl":"https:\/\/gorzow.news\/wp-content\/uploads\/2022\/10\/312346746_6146390758709453_8286367856321921647_n.jpg","keywords":["Change Lingerie","Hebe","iSpot","Kraina Ser\u00f3w","Nova Park","Olimp Store","Outhorn","Przemys\u0142owa","So! Coffee","TOUS"],"articleSection":["Inwestycje handlowe","Wiadomo\u015bci"],"inLanguage":"pl-PL","potentialAction":[{"@type":"CommentAction","name":"Comment","target":["https:\/\/gorzow.news\/index.php\/2022\/10\/27\/mis-tous-juz-zaprasza-do-siebie-salon-w-gorzowie-otwarty-zdjecia\/#respond"]}]},{"@type":"WebPage","@id":"https:\/\/gorzow.news\/index.php\/2022\/10\/27\/mis-tous-juz-zaprasza-do-siebie-salon-w-gorzowie-otwarty-zdjecia\/","url":"https:\/\/gorzow.news\/index.php\/2022\/10\/27\/mis-tous-juz-zaprasza-do-siebie-salon-w-gorzowie-otwarty-zdjecia\/","name":"Mi\u015b TOUS ju\u017c zaprasza do siebie! Salon w Gorzowie otwarty! (zdj\u0119cia) - Gorz\u00f3w News","isPartOf":{"@id":"https:\/\/gorzow.news\/#website"},"primaryImageOfPage":{"@id":"https:\/\/gorzow.news\/index.php\/2022\/10\/27\/mis-tous-juz-zaprasza-do-siebie-salon-w-gorzowie-otwarty-zdjecia\/#primaryimage"},"image":{"@id":"https:\/\/gorzow.news\/index.php\/2022\/10\/27\/mis-tous-juz-zaprasza-do-siebie-salon-w-gorzowie-otwarty-zdjecia\/#primaryimage"},"thumbnailUrl":"https:\/\/gorzow.news\/wp-content\/uploads\/2022\/10\/312346746_6146390758709453_8286367856321921647_n.jpg","datePublished":"2022-10-27T18:15:35+00:00","dateModified":"2022-10-27T18:15:38+00:00","author":{"@id":"https:\/\/gorzow.news\/#\/schema\/person\/a1e5ab43166369f2ce236a1cd90995bb"},"description":"Przy ul. Przemys\u0142owej w Centrum Handlowym NoVa Park sw\u00f3j salon otworzy\u0142a dzi\u015b marka TOUS. Sklep zlokalizowany jest na parterze obok salon\u00f3w W.Kruk i Fielmann.","breadcrumb":{"@id":"https:\/\/gorzow.news\/index.php\/2022\/10\/27\/mis-tous-juz-zaprasza-do-siebie-salon-w-gorzowie-otwarty-zdjecia\/#breadcrumb"},"inLanguage":"pl-PL","potentialAction":[{"@type":"ReadAction","target":["https:\/\/gorzow.news\/index.php\/2022\/10\/27\/mis-tous-juz-zaprasza-do-siebie-salon-w-gorzowie-otwarty-zdjecia\/"]}]},{"@type":"ImageObject","inLanguage":"pl-PL","@id":"https:\/\/gorzow.news\/index.php\/2022\/10\/27\/mis-tous-juz-zaprasza-do-siebie-salon-w-gorzowie-otwarty-zdjecia\/#primaryimage","url":"https:\/\/gorzow.news\/wp-content\/uploads\/2022\/10\/312346746_6146390758709453_8286367856321921647_n.jpg","contentUrl":"https:\/\/gorzow.news\/wp-content\/uploads\/2022\/10\/312346746_6146390758709453_8286367856321921647_n.jpg","width":2048,"height":1365,"caption":"Salon TOUS w NoVa Park przy ul. Przemys\u0142owej."},{"@type":"BreadcrumbList","@id":"https:\/\/gorzow.news\/index.php\/2022\/10\/27\/mis-tous-juz-zaprasza-do-siebie-salon-w-gorzowie-otwarty-zdjecia\/#breadcrumb","itemListElement":[{"@type":"ListItem","position":1,"name":"Home","item":"https:\/\/gorzow.news\/"},{"@type":"ListItem","position":2,"name":"Mi\u015b TOUS ju\u017c zaprasza do siebie! Salon w Gorzowie otwarty! (zdj\u0119cia)"}]},{"@type":"WebSite","@id":"https:\/\/gorzow.news\/#website","url":"https:\/\/gorzow.news\/","name":"Gorz\u00f3w News","description":"Sp\u00f3jrz inaczej na miato i region...","potentialAction":[{"@type":"SearchAction","target":{"@type":"EntryPoint","urlTemplate":"https:\/\/gorzow.news\/?s={search_term_string}"},"query-input":{"@type":"PropertyValueSpecification","valueRequired":true,"valueName":"search_term_string"}}],"inLanguage":"pl-PL"},{"@type":"Person","@id":"https:\/\/gorzow.news\/#\/schema\/person\/a1e5ab43166369f2ce236a1cd90995bb","name":"maciej","image":{"@type":"ImageObject","inLanguage":"pl-PL","@id":"https:\/\/secure.gravatar.com\/avatar\/530a674d56ba60cfa0ef21d74e8e8d123a51bb7aa6580465b5c2ab2c2e980a19?s=96&r=g&d=https:\/\/gorzow.news\/wp-content\/plugins\/userswp\/assets\/images\/no_profile.png","url":"https:\/\/secure.gravatar.com\/avatar\/530a674d56ba60cfa0ef21d74e8e8d123a51bb7aa6580465b5c2ab2c2e980a19?s=96&r=g&d=https:\/\/gorzow.news\/wp-content\/plugins\/userswp\/assets\/images\/no_profile.png","contentUrl":"https:\/\/secure.gravatar.com\/avatar\/530a674d56ba60cfa0ef21d74e8e8d123a51bb7aa6580465b5c2ab2c2e980a19?s=96&r=g&d=https:\/\/gorzow.news\/wp-content\/plugins\/userswp\/assets\/images\/no_profile.png","caption":"maciej"},"url":"https:\/\/gorzow.news\/index.php\/profile\/maciej\/"}]}},"_links":{"self":[{"href":"https:\/\/gorzow.news\/index.php\/wp-json\/wp\/v2\/posts\/10348","targetHints":{"allow":["GET"]}}],"collection":[{"href":"https:\/\/gorzow.news\/index.php\/wp-json\/wp\/v2\/posts"}],"about":[{"href":"https:\/\/gorzow.news\/index.php\/wp-json\/wp\/v2\/types\/post"}],"author":[{"embeddable":true,"href":"https:\/\/gorzow.news\/index.php\/wp-json\/wp\/v2\/users\/1"}],"replies":[{"embeddable":true,"href":"https:\/\/gorzow.news\/index.php\/wp-json\/wp\/v2\/comments?post=10348"}],"version-history":[{"count":0,"href":"https:\/\/gorzow.news\/index.php\/wp-json\/wp\/v2\/posts\/10348\/revisions"}],"wp:featuredmedia":[{"embeddable":true,"href":"https:\/\/gorzow.news\/index.php\/wp-json\/wp\/v2\/media\/10350"}],"wp:attachment":[{"href":"https:\/\/gorzow.news\/index.php\/wp-json\/wp\/v2\/media?parent=10348"}],"wp:term":[{"taxonomy":"category","embeddable":true,"href":"https:\/\/gorzow.news\/index.php\/wp-json\/wp\/v2\/categories?post=10348"},{"taxonomy":"post_tag","embeddable":true,"href":"https:\/\/gorzow.news\/index.php\/wp-json\/wp\/v2\/tags?post=10348"}],"curies":[{"name":"wp","href":"https:\/\/api.w.org\/{rel}","templated":true}]}}