{"id":10207,"date":"2022-10-13T12:44:35","date_gmt":"2022-10-13T10:44:35","guid":{"rendered":"https:\/\/gorzow.news\/?p=10207"},"modified":"2022-10-13T12:45:45","modified_gmt":"2022-10-13T10:45:45","slug":"budzet-obywatelski-2023-co-powstanie-na-staszica-i-dolinkach-czas-na-glosowanie","status":"publish","type":"post","link":"https:\/\/gorzow.news\/index.php\/2022\/10\/13\/budzet-obywatelski-2023-co-powstanie-na-staszica-i-dolinkach-czas-na-glosowanie\/","title":{"rendered":"Bud\u017cet Obywatelski 2023: Co powstanie na Staszica i Dolinkach? Czas na g\u0142osowanie!"},"content":{"rendered":"\n<p><strong>Ju\u017c od dzi\u015b mo\u017cna wybiera\u0107 zadania, kt\u00f3re b\u0119d\u0119 realizowane w ramach Bud\u017cetu Obywatelskiego 2023.<\/strong><\/p>\n\n\n\n<p>G\u0142osowa\u0107 mo\u017cna za po\u015brednictwem strony internetowej <a href=\"https:\/\/gorzow.konsultacjejst.pl\" target=\"_blank\" rel=\"noreferrer noopener\"><strong>gorzow.konsultacjejst.pl<\/strong><\/a> oraz w Mobilnych Punktach G\u0142osowania w godz. 12:00 \u2013 16:00:<\/p>\n\n\n\n<p>13.10. czw. Klub Kultury MCK Zodiak, ul. S\u0142oneczna 62 a<br>14.10. pt. WiMBP Filia nr 6, ul. \u015al\u0105ska 78<br>17.10. pn. Miejski O\u015brodek Sztuki, ul. Pomorska 73<br>18.10. wt. Intermarche, ul. Fredry 10<br>19.10. \u015br. Watral, ul. Kombatant\u00f3w 34<br>20.10. cz. WiMBP budynek g\u0142\u00f3wny, ul. Sikorskiego 107<br>21.10. pt. WiMBP Filia nr 3, ul. Boh. Westerplatte 10.<\/p>\n\n\n\n<p><strong>Dla kogo rywalizacja?<\/strong><\/p>\n\n\n\n<p>W tej edycji rywalizacja b\u0119dzie dotyczy\u0142a dw\u00f3ch kategorii: os. Staszica i Dolinek. Tylko w tych dw\u00f3ch kategoriach pozosta\u0142y zadania lub pakiety zada\u0144, kt\u00f3rych wyb\u00f3r rozstrzygnie g\u0142osowanie. G\u0142osowa\u0107 mog\u0105 mieszka\u0144cy ca\u0142ego miasta, nie tylko wskazanych osiedli.<\/p>\n\n\n\n<p>Dzi\u0119ki zawartym podczas spotka\u0144 dyskusyjnych porozumieniom rywalizacja nie jest potrzebna w nast\u0119puj\u0105cych kategoriach: og\u00f3lnomiejskiej, o\u015bwiatowej, Wieprzyce, Zakanale, Piaski, Manhattan, os. S\u0142oneczne, Zamo\u015bcie, Centrum oraz G\u00f3rczyn. Informacj\u0119 o tym, jakie zadania zosta\u0142y wybrane do realizacji w tych kategoriach przeczytacie w naszym tek\u015bcie &#8211; <a href=\"https:\/\/gorzow.news\/index.php\/2022\/09\/29\/budzet-obywatelski-glosowania-tylko-na-dolinkach-i-staszica\/\"><strong>Bud\u017cet Obywatelski: G\u0142osowania tylko na Dolinkach i Staszica!<\/strong><\/a><\/p>\n\n\n\n<p><strong>Kto mo\u017ce zag\u0142osowa\u0107?<\/strong><\/p>\n\n\n\n<p>W g\u0142osowaniu mog\u0105 wzi\u0105\u0107 udzia\u0142 mieszkanki i mieszka\u0144cy Gorzowa powy\u017cej 13. roku \u017cycia. Dotyczy to r\u00f3wnie\u017c obywateli Ukrainy, kt\u00f3rzy osiedlili si\u0119 w Gorzowie. W tym przypadku do weryfikacji g\u0142os\u00f3w potrzebne b\u0119d\u0105 Karta Seniora lub Karta Mieszka\u0144ca. Szczeg\u00f3\u0142y dotycz\u0105ce tego, jak je uzyska\u0107 znajduj\u0105 si\u0119 w materiale przet\u0142umaczonym na j\u0119zyk ukrai\u0144ski (plik do pobrania <a href=\"https:\/\/um.gorzow.pl\/files\/file_add\/download\/715_bo2023-tekst-o-glosowaniu-przetlumaczony-na-ukrainski.docx\" target=\"_blank\" rel=\"noreferrer noopener\"><strong>tutaj<\/strong><\/a>).<\/p>\n\n\n\n<p><strong>Na ile projekt\u00f3w mo\u017cna zag\u0142osowa\u0107?<\/strong><br>1 projekt mi\u0119kki w kategorii og\u00f3lnomiejskiej,<br>1 projekt twardy (inwestycyjny) w kategorii og\u00f3lnomiejskiej,<br>1 projekt w kategorii o\u015bwiatowej,<br>1 projekt w kategorii rejonowej.<\/p>\n\n\n\n<p>W g\u0142osowaniu mo\u017cna wzi\u0105\u0107 udzia\u0142 tylko raz!<\/p>\n\n\n\n<p><strong>Jakie dane s\u0105 potrzebne?<\/strong><\/p>\n\n\n\n<p>Po wybraniu projekt\u00f3w nale\u017cy uzupe\u0142ni\u0107 wymagane dane:<br>Je\u015bli posiadasz Kart\u0119 Mieszka\u0144ca \u2013 podaj swoje imi\u0119 i nazwisko oraz nr karty,<br>Je\u015bli posiadasz Kart\u0119 Seniora \u2013 podaj swoje imi\u0119 i nazwisko oraz nr karty,<br>Je\u015bli nie posiadasz \u017cadnej z tych kart \u2013 podaj swoje imi\u0119 i nazwisko oraz nazwisko rodowe matki.<\/p>\n\n\n\n<p>Poza powy\u017cszymi danymi nale\u017cy poda\u0107 r\u00f3wnie\u017c sw\u00f3j numeru telefonu kom\u00f3rkowego, na kt\u00f3ry zostanie wys\u0142any bezp\u0142atny SMS z kodem aktywacyjnym \u2013 wprowadzenie go do systemu sprawi, \u017ce g\u0142osy zostan\u0105 oddane poprawnie.<\/p>\n\n\n\n<p><strong>Jeste\u015b wnioskodawc\u0105 zadania do Bud\u017cetu Obywatelskiego? Zach\u0119caj znajomych i s\u0105siad\u00f3w do g\u0142osowania.<\/strong><\/p>\n\n\n\n<p>Organizatorzy wspieraj\u0105 akcj\u0119 informacyjn\u0105 \u2013 przygotowali\u015bmy ulotki, na kt\u00f3rych mo\u017cecie uzupe\u0142ni\u0107 numer i nazw\u0119 swojego zadania, a nast\u0119pnie rozdawa\u0107 je i zach\u0119ca\u0107 do g\u0142osowania w\u0142a\u015bnie na Tw\u00f3j pomys\u0142. Materia\u0142y dost\u0119pne s\u0105 w Biurze Konsultacji Spo\u0142ecznych i Rewitalizacji przy ul. Sikorskiego 5 (Lamus, pok. nr 5) oraz w Mobilnych Punktach G\u0142osowania, w kt\u00f3rych pojawimy si\u0119 we wskazanych powy\u017cej terminach. Mo\u017cecie te\u017c u\u017cy\u0107 ich jako plakaty, kt\u00f3re powiesicie w s\u0105siedztwie, lokalnych sklepach \u2013 pami\u0119tajcie o uzyskaniu zgody od w\u0142a\u015bcicieli nieruchomo\u015bci.<\/p>\n\n\n\n<p>G\u0142osowanie zako\u0144czy si\u0119 23.10. o godz. 23.59.<\/p>\n\n\n\n<figure class=\"wp-block-image alignfull size-large\"><img loading=\"lazy\" decoding=\"async\" width=\"723\" height=\"1024\" src=\"https:\/\/gorzow.news\/wp-content\/uploads\/2022\/10\/bo2023_glosowanie_plakat-723x1024.jpg\" alt=\"\" class=\"wp-image-10210\" srcset=\"https:\/\/gorzow.news\/wp-content\/uploads\/2022\/10\/bo2023_glosowanie_plakat-723x1024.jpg 723w, https:\/\/gorzow.news\/wp-content\/uploads\/2022\/10\/bo2023_glosowanie_plakat-212x300.jpg 212w, https:\/\/gorzow.news\/wp-content\/uploads\/2022\/10\/bo2023_glosowanie_plakat-768x1087.jpg 768w, https:\/\/gorzow.news\/wp-content\/uploads\/2022\/10\/bo2023_glosowanie_plakat-1085x1536.jpg 1085w, https:\/\/gorzow.news\/wp-content\/uploads\/2022\/10\/bo2023_glosowanie_plakat-696x985.jpg 696w, https:\/\/gorzow.news\/wp-content\/uploads\/2022\/10\/bo2023_glosowanie_plakat-1068x1512.jpg 1068w, https:\/\/gorzow.news\/wp-content\/uploads\/2022\/10\/bo2023_glosowanie_plakat.jpg 1130w\" sizes=\"auto, (max-width: 723px) 100vw, 723px\" \/><\/figure>\n","protected":false},"excerpt":{"rendered":"<p>Ju\u017c od dzi\u015b mo\u017cna wybiera\u0107 zadania, kt\u00f3re b\u0119d\u0119 realizowane w ramach Bud\u017cetu Obywatelskiego 2023.<\/p>\n","protected":false},"author":1,"featured_media":10208,"comment_status":"open","ping_status":"open","sticky":false,"template":"","format":"standard","meta":{"footnotes":"","_links_to":"","_links_to_target":""},"categories":[597,589],"tags":[347,266,281,1221],"class_list":{"0":"post-10207","1":"post","2":"type-post","3":"status-publish","4":"format-standard","5":"has-post-thumbnail","7":"category-fakty-opinie","8":"category-wiadomosci","9":"tag-budzet-obywatelski","10":"tag-dolinki","11":"tag-osiedle-europejskie","12":"tag-staszica"},"yoast_head":"<!-- This site is optimized with the Yoast SEO plugin v27.3 - https:\/\/yoast.com\/product\/yoast-seo-wordpress\/ -->\n<title>Bud\u017cet Obywatelski 2023: Co powstanie na Staszica i Dolinkach? Czas na g\u0142osowanie! - Gorz\u00f3w News<\/title>\n<meta name=\"description\" content=\"Ju\u017c od dzi\u015b mo\u017cna wybiera\u0107 zadania, kt\u00f3re b\u0119d\u0119 realizowane w ramach Bud\u017cetu Obywatelskiego 2023.\" \/>\n<meta name=\"robots\" content=\"index, follow, max-snippet:-1, max-image-preview:large, max-video-preview:-1\" \/>\n<link rel=\"canonical\" href=\"https:\/\/gorzow.news\/index.php\/2022\/10\/13\/budzet-obywatelski-2023-co-powstanie-na-staszica-i-dolinkach-czas-na-glosowanie\/\" \/>\n<meta property=\"og:locale\" content=\"pl_PL\" \/>\n<meta property=\"og:type\" content=\"article\" \/>\n<meta property=\"og:title\" content=\"Bud\u017cet Obywatelski 2023: Co powstanie na Staszica i Dolinkach? Czas na g\u0142osowanie! - Gorz\u00f3w News\" \/>\n<meta property=\"og:description\" content=\"Ju\u017c od dzi\u015b mo\u017cna wybiera\u0107 zadania, kt\u00f3re b\u0119d\u0119 realizowane w ramach Bud\u017cetu Obywatelskiego 2023.\" \/>\n<meta property=\"og:url\" content=\"https:\/\/gorzow.news\/index.php\/2022\/10\/13\/budzet-obywatelski-2023-co-powstanie-na-staszica-i-dolinkach-czas-na-glosowanie\/\" \/>\n<meta property=\"og:site_name\" content=\"Gorz\u00f3w News\" \/>\n<meta property=\"article:publisher\" content=\"https:\/\/www.facebook.com\/gorzowskinews\" \/>\n<meta property=\"article:published_time\" content=\"2022-10-13T10:44:35+00:00\" \/>\n<meta property=\"article:modified_time\" content=\"2022-10-13T10:45:45+00:00\" \/>\n<meta property=\"og:image\" content=\"https:\/\/gorzow.news\/wp-content\/uploads\/2022\/10\/boisko_brukselska.jpg\" \/>\n\t<meta property=\"og:image:width\" content=\"1090\" \/>\n\t<meta property=\"og:image:height\" content=\"545\" \/>\n\t<meta property=\"og:image:type\" content=\"image\/jpeg\" \/>\n<meta name=\"author\" content=\"maciej\" \/>\n<meta name=\"twitter:card\" content=\"summary_large_image\" \/>\n<meta name=\"twitter:label1\" content=\"Napisane przez\" \/>\n\t<meta name=\"twitter:data1\" content=\"maciej\" \/>\n\t<meta name=\"twitter:label2\" content=\"Szacowany czas czytania\" \/>\n\t<meta name=\"twitter:data2\" content=\"3 minuty\" \/>\n<script type=\"application\/ld+json\" class=\"yoast-schema-graph\">{\"@context\":\"https:\\\/\\\/schema.org\",\"@graph\":[{\"@type\":\"Article\",\"@id\":\"https:\\\/\\\/gorzow.news\\\/index.php\\\/2022\\\/10\\\/13\\\/budzet-obywatelski-2023-co-powstanie-na-staszica-i-dolinkach-czas-na-glosowanie\\\/#article\",\"isPartOf\":{\"@id\":\"https:\\\/\\\/gorzow.news\\\/index.php\\\/2022\\\/10\\\/13\\\/budzet-obywatelski-2023-co-powstanie-na-staszica-i-dolinkach-czas-na-glosowanie\\\/\"},\"author\":{\"name\":\"maciej\",\"@id\":\"https:\\\/\\\/gorzow.news\\\/#\\\/schema\\\/person\\\/a1e5ab43166369f2ce236a1cd90995bb\"},\"headline\":\"Bud\u017cet Obywatelski 2023: Co powstanie na Staszica i Dolinkach? Czas na g\u0142osowanie!\",\"datePublished\":\"2022-10-13T10:44:35+00:00\",\"dateModified\":\"2022-10-13T10:45:45+00:00\",\"mainEntityOfPage\":{\"@id\":\"https:\\\/\\\/gorzow.news\\\/index.php\\\/2022\\\/10\\\/13\\\/budzet-obywatelski-2023-co-powstanie-na-staszica-i-dolinkach-czas-na-glosowanie\\\/\"},\"wordCount\":537,\"commentCount\":0,\"image\":{\"@id\":\"https:\\\/\\\/gorzow.news\\\/index.php\\\/2022\\\/10\\\/13\\\/budzet-obywatelski-2023-co-powstanie-na-staszica-i-dolinkach-czas-na-glosowanie\\\/#primaryimage\"},\"thumbnailUrl\":\"https:\\\/\\\/gorzow.news\\\/wp-content\\\/uploads\\\/2022\\\/10\\\/boisko_brukselska.jpg\",\"keywords\":[\"Bud\u017cet Obywatelski\",\"Dolinki\",\"Osiedle Europejskie\",\"Staszica\"],\"articleSection\":[\"Fakty i opinie\",\"Wiadomo\u015bci\"],\"inLanguage\":\"pl-PL\",\"potentialAction\":[{\"@type\":\"CommentAction\",\"name\":\"Comment\",\"target\":[\"https:\\\/\\\/gorzow.news\\\/index.php\\\/2022\\\/10\\\/13\\\/budzet-obywatelski-2023-co-powstanie-na-staszica-i-dolinkach-czas-na-glosowanie\\\/#respond\"]}]},{\"@type\":\"WebPage\",\"@id\":\"https:\\\/\\\/gorzow.news\\\/index.php\\\/2022\\\/10\\\/13\\\/budzet-obywatelski-2023-co-powstanie-na-staszica-i-dolinkach-czas-na-glosowanie\\\/\",\"url\":\"https:\\\/\\\/gorzow.news\\\/index.php\\\/2022\\\/10\\\/13\\\/budzet-obywatelski-2023-co-powstanie-na-staszica-i-dolinkach-czas-na-glosowanie\\\/\",\"name\":\"Bud\u017cet Obywatelski 2023: Co powstanie na Staszica i Dolinkach? Czas na g\u0142osowanie! - Gorz\u00f3w News\",\"isPartOf\":{\"@id\":\"https:\\\/\\\/gorzow.news\\\/#website\"},\"primaryImageOfPage\":{\"@id\":\"https:\\\/\\\/gorzow.news\\\/index.php\\\/2022\\\/10\\\/13\\\/budzet-obywatelski-2023-co-powstanie-na-staszica-i-dolinkach-czas-na-glosowanie\\\/#primaryimage\"},\"image\":{\"@id\":\"https:\\\/\\\/gorzow.news\\\/index.php\\\/2022\\\/10\\\/13\\\/budzet-obywatelski-2023-co-powstanie-na-staszica-i-dolinkach-czas-na-glosowanie\\\/#primaryimage\"},\"thumbnailUrl\":\"https:\\\/\\\/gorzow.news\\\/wp-content\\\/uploads\\\/2022\\\/10\\\/boisko_brukselska.jpg\",\"datePublished\":\"2022-10-13T10:44:35+00:00\",\"dateModified\":\"2022-10-13T10:45:45+00:00\",\"author\":{\"@id\":\"https:\\\/\\\/gorzow.news\\\/#\\\/schema\\\/person\\\/a1e5ab43166369f2ce236a1cd90995bb\"},\"description\":\"Ju\u017c od dzi\u015b mo\u017cna wybiera\u0107 zadania, kt\u00f3re b\u0119d\u0119 realizowane w ramach Bud\u017cetu Obywatelskiego 2023.\",\"breadcrumb\":{\"@id\":\"https:\\\/\\\/gorzow.news\\\/index.php\\\/2022\\\/10\\\/13\\\/budzet-obywatelski-2023-co-powstanie-na-staszica-i-dolinkach-czas-na-glosowanie\\\/#breadcrumb\"},\"inLanguage\":\"pl-PL\",\"potentialAction\":[{\"@type\":\"ReadAction\",\"target\":[\"https:\\\/\\\/gorzow.news\\\/index.php\\\/2022\\\/10\\\/13\\\/budzet-obywatelski-2023-co-powstanie-na-staszica-i-dolinkach-czas-na-glosowanie\\\/\"]}]},{\"@type\":\"ImageObject\",\"inLanguage\":\"pl-PL\",\"@id\":\"https:\\\/\\\/gorzow.news\\\/index.php\\\/2022\\\/10\\\/13\\\/budzet-obywatelski-2023-co-powstanie-na-staszica-i-dolinkach-czas-na-glosowanie\\\/#primaryimage\",\"url\":\"https:\\\/\\\/gorzow.news\\\/wp-content\\\/uploads\\\/2022\\\/10\\\/boisko_brukselska.jpg\",\"contentUrl\":\"https:\\\/\\\/gorzow.news\\\/wp-content\\\/uploads\\\/2022\\\/10\\\/boisko_brukselska.jpg\",\"width\":1090,\"height\":545,\"caption\":\"Czy przy ul. Brukselskiej powstanie boisko wielofunkcyjnego o wymiarach 20x36 m z wysokim ogrodzeniem, 2 bramki do pi\u0142ki no\u017cnej, 2 koszami do koszyk\u00f3wki, siatk\u0105 do gry w siatk\u00f3wk\u0119, \u0142awkami i koszami na \u015bmieci i ewentualnym o\u015bwietleniem zdecyduj\u0105 mieszka\u0144cy ca\u0142ego miasta!\"},{\"@type\":\"BreadcrumbList\",\"@id\":\"https:\\\/\\\/gorzow.news\\\/index.php\\\/2022\\\/10\\\/13\\\/budzet-obywatelski-2023-co-powstanie-na-staszica-i-dolinkach-czas-na-glosowanie\\\/#breadcrumb\",\"itemListElement\":[{\"@type\":\"ListItem\",\"position\":1,\"name\":\"Home\",\"item\":\"https:\\\/\\\/gorzow.news\\\/\"},{\"@type\":\"ListItem\",\"position\":2,\"name\":\"Bud\u017cet Obywatelski 2023: Co powstanie na Staszica i Dolinkach? Czas na g\u0142osowanie!\"}]},{\"@type\":\"WebSite\",\"@id\":\"https:\\\/\\\/gorzow.news\\\/#website\",\"url\":\"https:\\\/\\\/gorzow.news\\\/\",\"name\":\"Gorz\u00f3w News\",\"description\":\"Sp\u00f3jrz inaczej na miato i region...\",\"potentialAction\":[{\"@type\":\"SearchAction\",\"target\":{\"@type\":\"EntryPoint\",\"urlTemplate\":\"https:\\\/\\\/gorzow.news\\\/?s={search_term_string}\"},\"query-input\":{\"@type\":\"PropertyValueSpecification\",\"valueRequired\":true,\"valueName\":\"search_term_string\"}}],\"inLanguage\":\"pl-PL\"},{\"@type\":\"Person\",\"@id\":\"https:\\\/\\\/gorzow.news\\\/#\\\/schema\\\/person\\\/a1e5ab43166369f2ce236a1cd90995bb\",\"name\":\"maciej\",\"image\":{\"@type\":\"ImageObject\",\"inLanguage\":\"pl-PL\",\"@id\":\"https:\\\/\\\/secure.gravatar.com\\\/avatar\\\/530a674d56ba60cfa0ef21d74e8e8d123a51bb7aa6580465b5c2ab2c2e980a19?s=96&r=g&d=https:\\\/\\\/gorzow.news\\\/wp-content\\\/plugins\\\/userswp\\\/assets\\\/images\\\/no_profile.png\",\"url\":\"https:\\\/\\\/secure.gravatar.com\\\/avatar\\\/530a674d56ba60cfa0ef21d74e8e8d123a51bb7aa6580465b5c2ab2c2e980a19?s=96&r=g&d=https:\\\/\\\/gorzow.news\\\/wp-content\\\/plugins\\\/userswp\\\/assets\\\/images\\\/no_profile.png\",\"contentUrl\":\"https:\\\/\\\/secure.gravatar.com\\\/avatar\\\/530a674d56ba60cfa0ef21d74e8e8d123a51bb7aa6580465b5c2ab2c2e980a19?s=96&r=g&d=https:\\\/\\\/gorzow.news\\\/wp-content\\\/plugins\\\/userswp\\\/assets\\\/images\\\/no_profile.png\",\"caption\":\"maciej\"},\"url\":\"https:\\\/\\\/gorzow.news\\\/index.php\\\/profile\\\/maciej\\\/\"}]}<\/script>\n<!-- \/ Yoast SEO plugin. -->","yoast_head_json":{"title":"Bud\u017cet Obywatelski 2023: Co powstanie na Staszica i Dolinkach? Czas na g\u0142osowanie! - Gorz\u00f3w News","description":"Ju\u017c od dzi\u015b mo\u017cna wybiera\u0107 zadania, kt\u00f3re b\u0119d\u0119 realizowane w ramach Bud\u017cetu Obywatelskiego 2023.","robots":{"index":"index","follow":"follow","max-snippet":"max-snippet:-1","max-image-preview":"max-image-preview:large","max-video-preview":"max-video-preview:-1"},"canonical":"https:\/\/gorzow.news\/index.php\/2022\/10\/13\/budzet-obywatelski-2023-co-powstanie-na-staszica-i-dolinkach-czas-na-glosowanie\/","og_locale":"pl_PL","og_type":"article","og_title":"Bud\u017cet Obywatelski 2023: Co powstanie na Staszica i Dolinkach? Czas na g\u0142osowanie! - Gorz\u00f3w News","og_description":"Ju\u017c od dzi\u015b mo\u017cna wybiera\u0107 zadania, kt\u00f3re b\u0119d\u0119 realizowane w ramach Bud\u017cetu Obywatelskiego 2023.","og_url":"https:\/\/gorzow.news\/index.php\/2022\/10\/13\/budzet-obywatelski-2023-co-powstanie-na-staszica-i-dolinkach-czas-na-glosowanie\/","og_site_name":"Gorz\u00f3w News","article_publisher":"https:\/\/www.facebook.com\/gorzowskinews","article_published_time":"2022-10-13T10:44:35+00:00","article_modified_time":"2022-10-13T10:45:45+00:00","og_image":[{"width":1090,"height":545,"url":"https:\/\/gorzow.news\/wp-content\/uploads\/2022\/10\/boisko_brukselska.jpg","type":"image\/jpeg"}],"author":"maciej","twitter_card":"summary_large_image","twitter_misc":{"Napisane przez":"maciej","Szacowany czas czytania":"3 minuty"},"schema":{"@context":"https:\/\/schema.org","@graph":[{"@type":"Article","@id":"https:\/\/gorzow.news\/index.php\/2022\/10\/13\/budzet-obywatelski-2023-co-powstanie-na-staszica-i-dolinkach-czas-na-glosowanie\/#article","isPartOf":{"@id":"https:\/\/gorzow.news\/index.php\/2022\/10\/13\/budzet-obywatelski-2023-co-powstanie-na-staszica-i-dolinkach-czas-na-glosowanie\/"},"author":{"name":"maciej","@id":"https:\/\/gorzow.news\/#\/schema\/person\/a1e5ab43166369f2ce236a1cd90995bb"},"headline":"Bud\u017cet Obywatelski 2023: Co powstanie na Staszica i Dolinkach? Czas na g\u0142osowanie!","datePublished":"2022-10-13T10:44:35+00:00","dateModified":"2022-10-13T10:45:45+00:00","mainEntityOfPage":{"@id":"https:\/\/gorzow.news\/index.php\/2022\/10\/13\/budzet-obywatelski-2023-co-powstanie-na-staszica-i-dolinkach-czas-na-glosowanie\/"},"wordCount":537,"commentCount":0,"image":{"@id":"https:\/\/gorzow.news\/index.php\/2022\/10\/13\/budzet-obywatelski-2023-co-powstanie-na-staszica-i-dolinkach-czas-na-glosowanie\/#primaryimage"},"thumbnailUrl":"https:\/\/gorzow.news\/wp-content\/uploads\/2022\/10\/boisko_brukselska.jpg","keywords":["Bud\u017cet Obywatelski","Dolinki","Osiedle Europejskie","Staszica"],"articleSection":["Fakty i opinie","Wiadomo\u015bci"],"inLanguage":"pl-PL","potentialAction":[{"@type":"CommentAction","name":"Comment","target":["https:\/\/gorzow.news\/index.php\/2022\/10\/13\/budzet-obywatelski-2023-co-powstanie-na-staszica-i-dolinkach-czas-na-glosowanie\/#respond"]}]},{"@type":"WebPage","@id":"https:\/\/gorzow.news\/index.php\/2022\/10\/13\/budzet-obywatelski-2023-co-powstanie-na-staszica-i-dolinkach-czas-na-glosowanie\/","url":"https:\/\/gorzow.news\/index.php\/2022\/10\/13\/budzet-obywatelski-2023-co-powstanie-na-staszica-i-dolinkach-czas-na-glosowanie\/","name":"Bud\u017cet Obywatelski 2023: Co powstanie na Staszica i Dolinkach? Czas na g\u0142osowanie! - Gorz\u00f3w News","isPartOf":{"@id":"https:\/\/gorzow.news\/#website"},"primaryImageOfPage":{"@id":"https:\/\/gorzow.news\/index.php\/2022\/10\/13\/budzet-obywatelski-2023-co-powstanie-na-staszica-i-dolinkach-czas-na-glosowanie\/#primaryimage"},"image":{"@id":"https:\/\/gorzow.news\/index.php\/2022\/10\/13\/budzet-obywatelski-2023-co-powstanie-na-staszica-i-dolinkach-czas-na-glosowanie\/#primaryimage"},"thumbnailUrl":"https:\/\/gorzow.news\/wp-content\/uploads\/2022\/10\/boisko_brukselska.jpg","datePublished":"2022-10-13T10:44:35+00:00","dateModified":"2022-10-13T10:45:45+00:00","author":{"@id":"https:\/\/gorzow.news\/#\/schema\/person\/a1e5ab43166369f2ce236a1cd90995bb"},"description":"Ju\u017c od dzi\u015b mo\u017cna wybiera\u0107 zadania, kt\u00f3re b\u0119d\u0119 realizowane w ramach Bud\u017cetu Obywatelskiego 2023.","breadcrumb":{"@id":"https:\/\/gorzow.news\/index.php\/2022\/10\/13\/budzet-obywatelski-2023-co-powstanie-na-staszica-i-dolinkach-czas-na-glosowanie\/#breadcrumb"},"inLanguage":"pl-PL","potentialAction":[{"@type":"ReadAction","target":["https:\/\/gorzow.news\/index.php\/2022\/10\/13\/budzet-obywatelski-2023-co-powstanie-na-staszica-i-dolinkach-czas-na-glosowanie\/"]}]},{"@type":"ImageObject","inLanguage":"pl-PL","@id":"https:\/\/gorzow.news\/index.php\/2022\/10\/13\/budzet-obywatelski-2023-co-powstanie-na-staszica-i-dolinkach-czas-na-glosowanie\/#primaryimage","url":"https:\/\/gorzow.news\/wp-content\/uploads\/2022\/10\/boisko_brukselska.jpg","contentUrl":"https:\/\/gorzow.news\/wp-content\/uploads\/2022\/10\/boisko_brukselska.jpg","width":1090,"height":545,"caption":"Czy przy ul. Brukselskiej powstanie boisko wielofunkcyjnego o wymiarach 20x36 m z wysokim ogrodzeniem, 2 bramki do pi\u0142ki no\u017cnej, 2 koszami do koszyk\u00f3wki, siatk\u0105 do gry w siatk\u00f3wk\u0119, \u0142awkami i koszami na \u015bmieci i ewentualnym o\u015bwietleniem zdecyduj\u0105 mieszka\u0144cy ca\u0142ego miasta!"},{"@type":"BreadcrumbList","@id":"https:\/\/gorzow.news\/index.php\/2022\/10\/13\/budzet-obywatelski-2023-co-powstanie-na-staszica-i-dolinkach-czas-na-glosowanie\/#breadcrumb","itemListElement":[{"@type":"ListItem","position":1,"name":"Home","item":"https:\/\/gorzow.news\/"},{"@type":"ListItem","position":2,"name":"Bud\u017cet Obywatelski 2023: Co powstanie na Staszica i Dolinkach? Czas na g\u0142osowanie!"}]},{"@type":"WebSite","@id":"https:\/\/gorzow.news\/#website","url":"https:\/\/gorzow.news\/","name":"Gorz\u00f3w News","description":"Sp\u00f3jrz inaczej na miato i region...","potentialAction":[{"@type":"SearchAction","target":{"@type":"EntryPoint","urlTemplate":"https:\/\/gorzow.news\/?s={search_term_string}"},"query-input":{"@type":"PropertyValueSpecification","valueRequired":true,"valueName":"search_term_string"}}],"inLanguage":"pl-PL"},{"@type":"Person","@id":"https:\/\/gorzow.news\/#\/schema\/person\/a1e5ab43166369f2ce236a1cd90995bb","name":"maciej","image":{"@type":"ImageObject","inLanguage":"pl-PL","@id":"https:\/\/secure.gravatar.com\/avatar\/530a674d56ba60cfa0ef21d74e8e8d123a51bb7aa6580465b5c2ab2c2e980a19?s=96&r=g&d=https:\/\/gorzow.news\/wp-content\/plugins\/userswp\/assets\/images\/no_profile.png","url":"https:\/\/secure.gravatar.com\/avatar\/530a674d56ba60cfa0ef21d74e8e8d123a51bb7aa6580465b5c2ab2c2e980a19?s=96&r=g&d=https:\/\/gorzow.news\/wp-content\/plugins\/userswp\/assets\/images\/no_profile.png","contentUrl":"https:\/\/secure.gravatar.com\/avatar\/530a674d56ba60cfa0ef21d74e8e8d123a51bb7aa6580465b5c2ab2c2e980a19?s=96&r=g&d=https:\/\/gorzow.news\/wp-content\/plugins\/userswp\/assets\/images\/no_profile.png","caption":"maciej"},"url":"https:\/\/gorzow.news\/index.php\/profile\/maciej\/"}]}},"_links":{"self":[{"href":"https:\/\/gorzow.news\/index.php\/wp-json\/wp\/v2\/posts\/10207","targetHints":{"allow":["GET"]}}],"collection":[{"href":"https:\/\/gorzow.news\/index.php\/wp-json\/wp\/v2\/posts"}],"about":[{"href":"https:\/\/gorzow.news\/index.php\/wp-json\/wp\/v2\/types\/post"}],"author":[{"embeddable":true,"href":"https:\/\/gorzow.news\/index.php\/wp-json\/wp\/v2\/users\/1"}],"replies":[{"embeddable":true,"href":"https:\/\/gorzow.news\/index.php\/wp-json\/wp\/v2\/comments?post=10207"}],"version-history":[{"count":0,"href":"https:\/\/gorzow.news\/index.php\/wp-json\/wp\/v2\/posts\/10207\/revisions"}],"wp:featuredmedia":[{"embeddable":true,"href":"https:\/\/gorzow.news\/index.php\/wp-json\/wp\/v2\/media\/10208"}],"wp:attachment":[{"href":"https:\/\/gorzow.news\/index.php\/wp-json\/wp\/v2\/media?parent=10207"}],"wp:term":[{"taxonomy":"category","embeddable":true,"href":"https:\/\/gorzow.news\/index.php\/wp-json\/wp\/v2\/categories?post=10207"},{"taxonomy":"post_tag","embeddable":true,"href":"https:\/\/gorzow.news\/index.php\/wp-json\/wp\/v2\/tags?post=10207"}],"curies":[{"name":"wp","href":"https:\/\/api.w.org\/{rel}","templated":true}]}}